{"id":94293,"date":"2026-03-15T14:55:00","date_gmt":"2026-03-15T11:55:00","guid":{"rendered":"https:\/\/www.egemtv.com\/?p=94293"},"modified":"2026-03-15T14:55:01","modified_gmt":"2026-03-15T11:55:01","slug":"sanayi-sitesinin-10-yillik-yol-sorunu-bitiyor","status":"publish","type":"post","link":"https:\/\/www.egemtv.com\/?p=94293","title":{"rendered":"Sanayi sitesinin 10 y\u0131ll\u0131k yol sorunu bitiyor"},"content":{"rendered":"<p>Manisa B\u00fcy\u00fck\u015fehir Belediyesi, Sar\u0131g\u00f6l il\u00e7esinde uzun y\u0131llard\u0131r beklenen Yeni Sanayi Sitesi s\u0131cak asfalt \u00e7al\u0131\u015fmalar\u0131n\u0131 ba\u015flatt\u0131. Yakla\u015f\u0131k 2 bin 500 ton s\u0131cak asfalt\u0131n kullan\u0131laca\u011f\u0131 \u00e7al\u0131\u015fma ile sanayi sitesinde ula\u015f\u0131m\u0131n daha g\u00fcvenli ve konforlu hale gelmesi hedefleniyor.<br \/>\n<br \/>Manisa genelinde yol yap\u0131m, bak\u0131m ve \u00fcstyap\u0131 iyile\u015ftirme \u00e7al\u0131\u015fmalar\u0131n\u0131 s\u00fcrd\u00fcren Manisa B\u00fcy\u00fck\u015fehir Belediyesi, Sar\u0131g\u00f6l Yeni Sanayi Sitesi\u2019nde esnaf\u0131n y\u0131llard\u0131r bekledi\u011fi asfalt \u00e7al\u0131\u015fmas\u0131n\u0131 ba\u015flatt\u0131. Fen \u0130\u015fleri Dairesi Ba\u015fkanl\u0131\u011f\u0131 koordinesinde y\u00fcr\u00fct\u00fclen \u00e7al\u0131\u015fmalar kapsam\u0131nda yol y\u00fczeyindeki deformasyonlar\u0131n giderilmesi, zemin mukavemetinin art\u0131r\u0131lmas\u0131 ve uzun \u00f6m\u00fcrl\u00fc bir yol altyap\u0131s\u0131n\u0131n olu\u015fturulmas\u0131 ama\u00e7lan\u0131yor.<br \/>\n<br \/>Teknik standartlara uygun \u015fekilde serilecek yakla\u015f\u0131k 2 bin 500 ton s\u0131cak asfalt ile sanayi sitesindeki lojistik hareketlili\u011fin daha sa\u011fl\u0131kl\u0131 bir altyap\u0131ya kavu\u015fmas\u0131 hedeflenirken, b\u00f6lgede uzun s\u00fcredir ya\u015fanan toz, \u00e7amur ve bozuk yol sorunlar\u0131n\u0131n da ortadan kald\u0131r\u0131lmas\u0131 planlan\u0131yor.<\/p>\n<p>&#8220;17 il\u00e7emizde \u00e7al\u0131\u015fmaya ve \u00fcretmeye devam edece\u011fiz&#8221;<br \/>\n<br \/>Manisa B\u00fcy\u00fck\u015fehir Belediye Ba\u015fkan\u0131 Besim Dutlulu, Sar\u0131g\u00f6l Yeni Sanayi Sitesi esnaf\u0131n\u0131n yakla\u015f\u0131k 10 y\u0131ld\u0131r bekledi\u011fi asfalt \u00e7al\u0131\u015fmas\u0131n\u0131 ba\u015flatt\u0131klar\u0131n\u0131 belirterek, &#8220;Sar\u0131g\u00f6l il\u00e7emizde Yeni Sanayi Sitesi esnaf\u0131m\u0131z\u0131n 10 y\u0131ld\u0131r bekledi\u011fi s\u0131cak asfalt \u00e7al\u0131\u015fmalar\u0131n\u0131 ba\u015flatt\u0131k. 2 bin 500 ton s\u0131cak asfalt ile sanayi sitemizin \u00e7ehresini de\u011fi\u015ftiriyor, ula\u015f\u0131m\u0131 konforlu ve g\u00fcvenli hale getiriyoruz. Manisa\u2019m\u0131z\u0131n 17 il\u00e7esinde ihtiya\u00e7 duyulan her alanda \u00e7al\u0131\u015fmaya ve \u00fcretmeye devam edece\u011fiz&#8221; dedi.<\/p>\n<p>&#8220;Sar\u0131g\u00f6l hizmete doyacak&#8221;<br \/>\n<br \/>Sar\u0131g\u00f6l Belediye Ba\u015fkan\u0131 Tahsin Akdeniz ise sanayi sitesinde y\u0131llard\u0131r beklenen hizmetin ba\u015flamas\u0131ndan duydu\u011fu memnuniyeti dile getirerek, &#8220;Sar\u0131g\u00f6l\u2019\u00fcm\u00fczde y\u0131llard\u0131r s\u00f6z verilip bir t\u00fcrl\u00fc ger\u00e7ekle\u015ftirilemeyen Yeni Sanayi Sitesi\u2019ndeki s\u0131cak asfalt \u00e7al\u0131\u015fmalar\u0131n\u0131 ba\u015flatt\u0131k. Ba\u015fta B\u00fcy\u00fck\u015fehir Belediye Ba\u015fkan\u0131m\u0131z Besim Dutlulu olmak \u00fczere eme\u011fi ge\u00e7en t\u00fcm \u00e7al\u0131\u015fma arkada\u015flar\u0131na te\u015fekk\u00fcr ediyorum. Arkam\u0131zda Besim Ba\u015fkan\u0131m\u0131z oldu\u011fu s\u00fcrece Sar\u0131g\u00f6l hizmete doyacak. Kendisini \u00e7ok seviyoruz, bu de\u011ferli hizmet i\u00e7in tekrar te\u015fekk\u00fcrlerimizi iletiyoruz&#8221; diye konu\u015ftu.<\/p>\n<p>Esnaftan te\u015fekk\u00fcr<br \/>\n<br \/>Yakla\u015f\u0131k 10 y\u0131ld\u0131r s\u00fcregelen yol sorununun \u00e7\u00f6z\u00fclmesinden memnuniyet duyduklar\u0131n\u0131 ifade eden sanayi esnaf\u0131, yap\u0131lan \u00e7al\u0131\u015fma sayesinde ula\u015f\u0131m\u0131n kolayla\u015ft\u0131\u011f\u0131n\u0131 ve i\u015flerini daha d\u00fczenli bir ortamda s\u00fcrd\u00fcrebileceklerini belirtti. Esnaf, \u00e7al\u0131\u015fmada eme\u011fi ge\u00e7en Manisa B\u00fcy\u00fck\u015fehir Belediye Ba\u015fkan\u0131 Besim Dutlulu ve ekibine te\u015fekk\u00fcr etti.<br \/><\/p>\n","protected":false},"excerpt":{"rendered":"<p>Manisa B\u00fcy\u00fck\u015fehir Belediyesi, Sar\u0131g\u00f6l il\u00e7esinde uzun y\u0131llard\u0131r beklenen Yeni Sanayi Sitesi s\u0131cak asfalt \u00e7al\u0131\u015fmalar\u0131n\u0131 ba\u015flatt\u0131. Yakla\u015f\u0131k 2 bin 500 ton s\u0131cak asfalt\u0131n kullan\u0131laca\u011f\u0131 \u00e7al\u0131\u015fma ile sanayi sitesinde ula\u015f\u0131m\u0131n daha g\u00fcvenli ve konforlu hale gelmesi hedefleniyor. Manisa genelinde yol yap\u0131m, bak\u0131m ve \u00fcstyap\u0131 iyile\u015ftirme \u00e7al\u0131\u015fmalar\u0131n\u0131 s\u00fcrd\u00fcren Manisa B\u00fcy\u00fck\u015fehir Belediyesi, Sar\u0131g\u00f6l Yeni Sanayi Sitesi\u2019nde esnaf\u0131n y\u0131llard\u0131r bekledi\u011fi&#8230;<\/p>\n","protected":false},"author":1,"featured_media":94294,"comment_status":"open","ping_status":"open","sticky":false,"template":"","format":"standard","meta":{"_crdt_document":"","footnotes":""},"categories":[1],"tags":[],"class_list":["post-94293","post","type-post","status-publish","format-standard","has-post-thumbnail","hentry","category-guncel"],"_links":{"self":[{"href":"https:\/\/www.egemtv.com\/index.php?rest_route=\/wp\/v2\/posts\/94293","targetHints":{"allow":["GET"]}}],"collection":[{"href":"https:\/\/www.egemtv.com\/index.php?rest_route=\/wp\/v2\/posts"}],"about":[{"href":"https:\/\/www.egemtv.com\/index.php?rest_route=\/wp\/v2\/types\/post"}],"author":[{"embeddable":true,"href":"https:\/\/www.egemtv.com\/index.php?rest_route=\/wp\/v2\/users\/1"}],"replies":[{"embeddable":true,"href":"https:\/\/www.egemtv.com\/index.php?rest_route=%2Fwp%2Fv2%2Fcomments&post=94293"}],"version-history":[{"count":1,"href":"https:\/\/www.egemtv.com\/index.php?rest_route=\/wp\/v2\/posts\/94293\/revisions"}],"predecessor-version":[{"id":94295,"href":"https:\/\/www.egemtv.com\/index.php?rest_route=\/wp\/v2\/posts\/94293\/revisions\/94295"}],"wp:featuredmedia":[{"embeddable":true,"href":"https:\/\/www.egemtv.com\/index.php?rest_route=\/wp\/v2\/media\/94294"}],"wp:attachment":[{"href":"https:\/\/www.egemtv.com\/index.php?rest_route=%2Fwp%2Fv2%2Fmedia&parent=94293"}],"wp:term":[{"taxonomy":"category","embeddable":true,"href":"https:\/\/www.egemtv.com\/index.php?rest_route=%2Fwp%2Fv2%2Fcategories&post=94293"},{"taxonomy":"post_tag","embeddable":true,"href":"https:\/\/www.egemtv.com\/index.php?rest_route=%2Fwp%2Fv2%2Ftags&post=94293"}],"curies":[{"name":"wp","href":"https:\/\/api.w.org\/{rel}","templated":true}]}}