{"id":94290,"date":"2026-03-15T14:54:58","date_gmt":"2026-03-15T11:54:58","guid":{"rendered":"https:\/\/www.egemtv.com\/?p=94290"},"modified":"2026-03-15T14:55:00","modified_gmt":"2026-03-15T11:55:00","slug":"manisada-firin-denetimleri-yogunlasti","status":"publish","type":"post","link":"https:\/\/www.egemtv.com\/?p=94290","title":{"rendered":"Manisa\u2019da f\u0131r\u0131n denetimleri yo\u011funla\u015ft\u0131"},"content":{"rendered":"<p>Manisa B\u00fcy\u00fck\u015fehir Belediyesi Zab\u0131ta Daire Ba\u015fkanl\u0131\u011f\u0131, rutin denetimlerine ek olarak, Ramazan ay\u0131nda vatanda\u015flar\u0131n sa\u011fl\u0131kl\u0131 ve g\u00fcvenilir g\u0131daya eri\u015fimini sa\u011flamak amac\u0131yla f\u0131r\u0131nlara y\u00f6nelik denetimlerini yo\u011funla\u015ft\u0131rd\u0131. Merkez ve il\u00e7elerde e\u015f zamanl\u0131 ger\u00e7ekle\u015ftirilen denetimlerde hijyen, gramaj ve ruhsat kontrolleri titizlikle y\u00fcr\u00fct\u00fcl\u00fcyor.<br \/>\n<br \/>Manisa B\u00fcy\u00fck\u015fehir Belediyesi, Ramazan ay\u0131nda vatanda\u015flar\u0131n sa\u011fl\u0131kl\u0131 ve g\u00fcvenilir g\u0131daya eri\u015fimini sa\u011flamak amac\u0131yla f\u0131r\u0131nlara y\u00f6nelik denetimlerini s\u0131kla\u015ft\u0131rd\u0131. Zab\u0131ta Dairesi Ba\u015fkanl\u0131\u011f\u0131 ekipleri, merkez ve il\u00e7elerde e\u015f zamanl\u0131 olarak pide ve ekmek \u00fcretimi yapan i\u015fletmeleri mercek alt\u0131na ald\u0131. Denetimlerde hijyen standartlar\u0131, gramaj kurallar\u0131, etiket bilgileri ve ruhsat durumu titizlikle kontrol ediliyor. Uygulamayla hem \u00fcreticilerin bilin\u00e7lendirilmesi hem de kurallara uygun \u00fcretim yapan i\u015fletmeler ile standart d\u0131\u015f\u0131 \u00fcretim yapanlar aras\u0131nda net bir ayr\u0131m olu\u015fturulmas\u0131 hedefleniyor.<\/p>\n<p>Esnaftan denetimlere destek<br \/>\n<br \/>Yap\u0131lan denetimler saha d\u00fczeyinde de kar\u015f\u0131l\u0131k buluyor. Yakla\u015f\u0131k 30 y\u0131ld\u0131r f\u0131r\u0131nc\u0131l\u0131k yapt\u0131\u011f\u0131n\u0131 belirten bir esnaf, &#8220;Bu zamana kadar gelip denetleyen olmad\u0131. B\u00f6yle bir uygulama ba\u015flatman\u0131z \u00e7ok g\u00fczel&#8221; diyerek denetimlerin devam etmesinden memnuniyet duydu\u011funu ifade etti.<\/p>\n<p>\u015eeffaf denetim d\u00f6nemi<br \/>\n<br \/>Denetim s\u00fcrecini de\u011ferlendiren Zab\u0131ta Daire Ba\u015fkan\u0131 Bilgihan Hasturan, sistemli bir \u00e7al\u0131\u015fma y\u00fcr\u00fctt\u00fcklerini belirterek, &#8220;G\u0131da denetimlerinde stratejik olarak tablet sistemine ge\u00e7iyoruz. Bu sayede denetlenen i\u015fletmeler belediyemizin web sayfas\u0131nda g\u00f6r\u00fclebilecek. Amac\u0131m\u0131z, i\u015fini iyi yapan i\u015fletmelerin \u00fcretim kalitesini \u00f6ne \u00e7\u0131karmak ve kurallara uymayanlar i\u00e7in net bir \u00e7izgi olu\u015fturmakt\u0131r&#8221; dedi.<br \/>\n<br \/>Manisa B\u00fcy\u00fck\u015fehir Belediye Ba\u015fkan\u0131 Besim Dutlulu\u2019nun g\u0131da g\u00fcvenli\u011fi konusundaki kararl\u0131 tutumunun alt\u0131n\u0131 \u00e7izen Hasturan, Manisa genelindeki 120\u2019ye yak\u0131n ta\u015f f\u0131r\u0131n\u0131n mercek alt\u0131nda oldu\u011funu ifade etti. 8 ekip ve 3 g\u0131da m\u00fchendisiyle g\u00fcnl\u00fck rutinlerin yan\u0131 s\u0131ra ani denetimler de ger\u00e7ekle\u015ftirdiklerini belirten Hasturan, s\u00fcre\u00e7le ilgili \u015fu bilgileri verdi: &#8220;G\u00fcnl\u00fck 30 civar\u0131nda f\u0131r\u0131n\u0131 denetliyoruz. \u0130malathanelerden sat\u0131\u015f reyonlar\u0131na kadar her noktay\u0131 detayl\u0131 inceliyoruz. Gramaj konusunda halk\u0131 yan\u0131ltan veya halk sa\u011fl\u0131\u011f\u0131n\u0131 hi\u00e7e sayan i\u015fletmelere kesinlikle taviz vermiyoruz. Ruhsats\u0131z veya eksikleri olan i\u015fletmelere 15 g\u00fcn s\u00fcre tan\u0131yor, s\u00fcrenin sonunda aksakl\u0131klar\u0131n giderilip giderilmedi\u011fini tekrar kontrol ediyoruz.&#8221;<br \/><\/p>\n","protected":false},"excerpt":{"rendered":"<p>Manisa B\u00fcy\u00fck\u015fehir Belediyesi Zab\u0131ta Daire Ba\u015fkanl\u0131\u011f\u0131, rutin denetimlerine ek olarak, Ramazan ay\u0131nda vatanda\u015flar\u0131n sa\u011fl\u0131kl\u0131 ve g\u00fcvenilir g\u0131daya eri\u015fimini sa\u011flamak amac\u0131yla f\u0131r\u0131nlara y\u00f6nelik denetimlerini yo\u011funla\u015ft\u0131rd\u0131. Merkez ve il\u00e7elerde e\u015f zamanl\u0131 ger\u00e7ekle\u015ftirilen denetimlerde hijyen, gramaj ve ruhsat kontrolleri titizlikle y\u00fcr\u00fct\u00fcl\u00fcyor. Manisa B\u00fcy\u00fck\u015fehir Belediyesi, Ramazan ay\u0131nda vatanda\u015flar\u0131n sa\u011fl\u0131kl\u0131 ve g\u00fcvenilir g\u0131daya eri\u015fimini sa\u011flamak amac\u0131yla f\u0131r\u0131nlara y\u00f6nelik denetimlerini s\u0131kla\u015ft\u0131rd\u0131&#8230;.<\/p>\n","protected":false},"author":1,"featured_media":94291,"comment_status":"open","ping_status":"open","sticky":false,"template":"","format":"standard","meta":{"_crdt_document":"","footnotes":""},"categories":[5],"tags":[],"class_list":["post-94290","post","type-post","status-publish","format-standard","has-post-thumbnail","hentry","category-asayis"],"_links":{"self":[{"href":"https:\/\/www.egemtv.com\/index.php?rest_route=\/wp\/v2\/posts\/94290","targetHints":{"allow":["GET"]}}],"collection":[{"href":"https:\/\/www.egemtv.com\/index.php?rest_route=\/wp\/v2\/posts"}],"about":[{"href":"https:\/\/www.egemtv.com\/index.php?rest_route=\/wp\/v2\/types\/post"}],"author":[{"embeddable":true,"href":"https:\/\/www.egemtv.com\/index.php?rest_route=\/wp\/v2\/users\/1"}],"replies":[{"embeddable":true,"href":"https:\/\/www.egemtv.com\/index.php?rest_route=%2Fwp%2Fv2%2Fcomments&post=94290"}],"version-history":[{"count":1,"href":"https:\/\/www.egemtv.com\/index.php?rest_route=\/wp\/v2\/posts\/94290\/revisions"}],"predecessor-version":[{"id":94292,"href":"https:\/\/www.egemtv.com\/index.php?rest_route=\/wp\/v2\/posts\/94290\/revisions\/94292"}],"wp:featuredmedia":[{"embeddable":true,"href":"https:\/\/www.egemtv.com\/index.php?rest_route=\/wp\/v2\/media\/94291"}],"wp:attachment":[{"href":"https:\/\/www.egemtv.com\/index.php?rest_route=%2Fwp%2Fv2%2Fmedia&parent=94290"}],"wp:term":[{"taxonomy":"category","embeddable":true,"href":"https:\/\/www.egemtv.com\/index.php?rest_route=%2Fwp%2Fv2%2Fcategories&post=94290"},{"taxonomy":"post_tag","embeddable":true,"href":"https:\/\/www.egemtv.com\/index.php?rest_route=%2Fwp%2Fv2%2Ftags&post=94290"}],"curies":[{"name":"wp","href":"https:\/\/api.w.org\/{rel}","templated":true}]}}