{"id":94287,"date":"2026-03-15T14:34:46","date_gmt":"2026-03-15T11:34:46","guid":{"rendered":"https:\/\/www.egemtv.com\/?p=94287"},"modified":"2026-03-15T14:34:48","modified_gmt":"2026-03-15T11:34:48","slug":"camelinin-onemli-su-kaynaklarinda-pasaderesi-selalesi-yeniden-akmaya-basladi","status":"publish","type":"post","link":"https:\/\/www.egemtv.com\/?p=94287","title":{"rendered":"\u00c7ameli\u2019nin \u00f6nemli su kaynaklar\u0131nda Pa\u015faderesi \u015eelalesi yeniden akmaya ba\u015flad\u0131"},"content":{"rendered":"<p>Denizli\u2019nin \u00c7ameli il\u00e7esinde kurakl\u0131k nedeniyle bir s\u00fcredir kesilen Pa\u015faderesi \u015felale suyu, yeniden akmaya ba\u015flad\u0131. Suyun gelmesiyle birlikte Yeni Mahalle G\u00f6leti\u2019nin doldurulaca\u011f\u0131 ve \u00c7ameli Ovas\u0131\u2019n\u0131n tar\u0131msal sulama imkan\u0131na kavu\u015faca\u011f\u0131 belirtildi.<br \/>\n<br \/>\u00c7ameli\u2019de tar\u0131msal \u00fcretimin en \u00f6nemli can damarlar\u0131ndan biri olan Pa\u015faderesi\u2019nde sevindirici bir geli\u015fme ya\u015fand\u0131. B\u00f6lgede etkili olan kurakl\u0131k sebebiyle bir s\u00fcredir ak\u0131\u015f\u0131 duran \u015felale suyu, do\u011fan\u0131n yeniden canlanmas\u0131yla birlikte tekrar \u00e7a\u011flamaya ba\u015flad\u0131. Suyun d\u00f6n\u00fc\u015f\u00fc, b\u00f6lge halk\u0131 ve \u00f6zellikle ge\u00e7imini tar\u0131mla sa\u011flayan \u00e7ift\u00e7iler taraf\u0131ndan b\u00fcy\u00fck bir sevin\u00e7le kar\u015f\u0131land\u0131. Pa\u015faderesi\u2019nden gelen suyun, il\u00e7edeki tar\u0131msal sulaman\u0131n merkezi konumundaki Yeni Mahalle G\u00f6leti\u2019ne aktar\u0131laca\u011f\u0131 \u00f6\u011frenildi. G\u00f6letin k\u0131sa s\u00fcrede tam doluluk oran\u0131na ula\u015fmas\u0131 hedeflenirken, bu geli\u015fme ile birlikte \u00c7ameli Ovas\u0131\u2019ndaki binlerce d\u00f6n\u00fcml\u00fck arazi sulama imkan\u0131na yeniden kavu\u015fmu\u015f olacak.<br \/><\/p>\n","protected":false},"excerpt":{"rendered":"<p>Denizli\u2019nin \u00c7ameli il\u00e7esinde kurakl\u0131k nedeniyle bir s\u00fcredir kesilen Pa\u015faderesi \u015felale suyu, yeniden akmaya ba\u015flad\u0131. Suyun gelmesiyle birlikte Yeni Mahalle G\u00f6leti\u2019nin doldurulaca\u011f\u0131 ve \u00c7ameli Ovas\u0131\u2019n\u0131n tar\u0131msal sulama imkan\u0131na kavu\u015faca\u011f\u0131 belirtildi. \u00c7ameli\u2019de tar\u0131msal \u00fcretimin en \u00f6nemli can damarlar\u0131ndan biri olan Pa\u015faderesi\u2019nde sevindirici bir geli\u015fme ya\u015fand\u0131. B\u00f6lgede etkili olan kurakl\u0131k sebebiyle bir s\u00fcredir ak\u0131\u015f\u0131 duran \u015felale suyu, do\u011fan\u0131n&#8230;<\/p>\n","protected":false},"author":1,"featured_media":94288,"comment_status":"open","ping_status":"open","sticky":false,"template":"","format":"standard","meta":{"_crdt_document":"","footnotes":""},"categories":[1],"tags":[],"class_list":["post-94287","post","type-post","status-publish","format-standard","has-post-thumbnail","hentry","category-guncel"],"_links":{"self":[{"href":"https:\/\/www.egemtv.com\/index.php?rest_route=\/wp\/v2\/posts\/94287","targetHints":{"allow":["GET"]}}],"collection":[{"href":"https:\/\/www.egemtv.com\/index.php?rest_route=\/wp\/v2\/posts"}],"about":[{"href":"https:\/\/www.egemtv.com\/index.php?rest_route=\/wp\/v2\/types\/post"}],"author":[{"embeddable":true,"href":"https:\/\/www.egemtv.com\/index.php?rest_route=\/wp\/v2\/users\/1"}],"replies":[{"embeddable":true,"href":"https:\/\/www.egemtv.com\/index.php?rest_route=%2Fwp%2Fv2%2Fcomments&post=94287"}],"version-history":[{"count":1,"href":"https:\/\/www.egemtv.com\/index.php?rest_route=\/wp\/v2\/posts\/94287\/revisions"}],"predecessor-version":[{"id":94289,"href":"https:\/\/www.egemtv.com\/index.php?rest_route=\/wp\/v2\/posts\/94287\/revisions\/94289"}],"wp:featuredmedia":[{"embeddable":true,"href":"https:\/\/www.egemtv.com\/index.php?rest_route=\/wp\/v2\/media\/94288"}],"wp:attachment":[{"href":"https:\/\/www.egemtv.com\/index.php?rest_route=%2Fwp%2Fv2%2Fmedia&parent=94287"}],"wp:term":[{"taxonomy":"category","embeddable":true,"href":"https:\/\/www.egemtv.com\/index.php?rest_route=%2Fwp%2Fv2%2Fcategories&post=94287"},{"taxonomy":"post_tag","embeddable":true,"href":"https:\/\/www.egemtv.com\/index.php?rest_route=%2Fwp%2Fv2%2Ftags&post=94287"}],"curies":[{"name":"wp","href":"https:\/\/api.w.org\/{rel}","templated":true}]}}