{"id":94284,"date":"2026-03-15T14:34:45","date_gmt":"2026-03-15T11:34:45","guid":{"rendered":"https:\/\/www.egemtv.com\/?p=94284"},"modified":"2026-03-15T14:34:46","modified_gmt":"2026-03-15T11:34:46","slug":"camelide-gonul-sofralari-emecik-mahallesinde-kuruldu","status":"publish","type":"post","link":"https:\/\/www.egemtv.com\/?p=94284","title":{"rendered":"\u00c7ameli\u2019de g\u00f6n\u00fcl sofralar\u0131 Emecik Mahallesi\u2019nde kuruldu"},"content":{"rendered":"<p>Denizli\u2019nin \u00c7ameli il\u00e7esinde Ramazan ay\u0131n\u0131n manevi iklimi, d\u00fczenlenen mahalle iftarlar\u0131yla ya\u015fanmaya devam ediyor. Emecik Mahallesi\u2019nde kurulan iftar sofras\u0131, il\u00e7e protokol\u00fcn\u00fc ve mahalle sakinlerini ayn\u0131 sofrada bulu\u015fturdu.<br \/>\n<br \/>\u00c7ameli Belediyesi taraf\u0131ndan organize edilen iftar program\u0131, yo\u011fun bir kat\u0131l\u0131mla ger\u00e7ekle\u015ftirildi. Ramazan ay\u0131n\u0131n bereketini ve kom\u015fuluk ba\u011flar\u0131n\u0131 g\u00fc\u00e7lendirmek amac\u0131yla d\u00fczenlenen etkinlikte, dualar e\u015fli\u011finde oru\u00e7lar a\u00e7\u0131ld\u0131. Mahalle meydan\u0131nda kurulan &#8220;G\u00f6n\u00fcl Sofras\u0131,&#8221; mahalle sakinlerinin yan\u0131 s\u0131ra il\u00e7e protokol\u00fcnden de \u00f6nemli isimleri a\u011f\u0131rlad\u0131. Programa \u00c7ameli Belediye Ba\u015fkan\u0131 Cengiz Arslan, AK Parti \u0130l\u00e7e Ba\u015fkan\u0131 Cengiz Y\u0131lmaz\u2019\u0131 temsilen Sibel Akyol, Milliyet\u00e7i Hareket Partisi (MHP) \u0130l\u00e7e Ba\u015fkan\u0131 Murat Gen\u00e7, belediye meclis \u00fcyeleri ve \u00e7ok say\u0131da vatanda\u015f kat\u0131ld\u0131. \u0130ftar \u00f6ncesi masalar\u0131 tek tek gezen Belediye Ba\u015fkan\u0131 Cengiz Arslan, vatanda\u015flarla sohbet ederek Ramazan aylar\u0131n\u0131 tebrik etti.<br \/>\n<br \/>&#8220;Birlik ve beraberli\u011fimiz daim olsun&#8221;<br \/>\n<br \/>Etkinlikte bir konu\u015fma yapan \u00c7ameli Belediye Ba\u015fkan\u0131 Cengiz Arslan, Ramazan ay\u0131n\u0131n payla\u015fma ruhuna dikkat \u00e7ekerek, &#8220;Emecik Mahallemizde hem\u015fehrilerimizle ayn\u0131 sofrada bulu\u015fman\u0131n huzurunu ya\u015f\u0131yoruz. Bu g\u00fczel atmosferde edilen dualar\u0131n, tutulan oru\u00e7lar\u0131n kabul olmas\u0131n\u0131 diliyorum. Bizleri en g\u00fczel \u015fekilde a\u011f\u0131rlayan Emecik Mahallesi Muhtar\u0131m\u0131z Atilla Derer\u2019e ve bu sofran\u0131n kurulmas\u0131nda eme\u011fi ge\u00e7en t\u00fcm mahalle sakinlerimize \u015f\u00fckranlar\u0131m\u0131 sunuyorum&#8221; dedi.<br \/><\/p>\n","protected":false},"excerpt":{"rendered":"<p>Denizli\u2019nin \u00c7ameli il\u00e7esinde Ramazan ay\u0131n\u0131n manevi iklimi, d\u00fczenlenen mahalle iftarlar\u0131yla ya\u015fanmaya devam ediyor. Emecik Mahallesi\u2019nde kurulan iftar sofras\u0131, il\u00e7e protokol\u00fcn\u00fc ve mahalle sakinlerini ayn\u0131 sofrada bulu\u015fturdu. \u00c7ameli Belediyesi taraf\u0131ndan organize edilen iftar program\u0131, yo\u011fun bir kat\u0131l\u0131mla ger\u00e7ekle\u015ftirildi. Ramazan ay\u0131n\u0131n bereketini ve kom\u015fuluk ba\u011flar\u0131n\u0131 g\u00fc\u00e7lendirmek amac\u0131yla d\u00fczenlenen etkinlikte, dualar e\u015fli\u011finde oru\u00e7lar a\u00e7\u0131ld\u0131. Mahalle meydan\u0131nda kurulan &#8220;G\u00f6n\u00fcl&#8230;<\/p>\n","protected":false},"author":1,"featured_media":94285,"comment_status":"open","ping_status":"open","sticky":false,"template":"","format":"standard","meta":{"_crdt_document":"","footnotes":""},"categories":[1],"tags":[],"class_list":["post-94284","post","type-post","status-publish","format-standard","has-post-thumbnail","hentry","category-guncel"],"_links":{"self":[{"href":"https:\/\/www.egemtv.com\/index.php?rest_route=\/wp\/v2\/posts\/94284","targetHints":{"allow":["GET"]}}],"collection":[{"href":"https:\/\/www.egemtv.com\/index.php?rest_route=\/wp\/v2\/posts"}],"about":[{"href":"https:\/\/www.egemtv.com\/index.php?rest_route=\/wp\/v2\/types\/post"}],"author":[{"embeddable":true,"href":"https:\/\/www.egemtv.com\/index.php?rest_route=\/wp\/v2\/users\/1"}],"replies":[{"embeddable":true,"href":"https:\/\/www.egemtv.com\/index.php?rest_route=%2Fwp%2Fv2%2Fcomments&post=94284"}],"version-history":[{"count":1,"href":"https:\/\/www.egemtv.com\/index.php?rest_route=\/wp\/v2\/posts\/94284\/revisions"}],"predecessor-version":[{"id":94286,"href":"https:\/\/www.egemtv.com\/index.php?rest_route=\/wp\/v2\/posts\/94284\/revisions\/94286"}],"wp:featuredmedia":[{"embeddable":true,"href":"https:\/\/www.egemtv.com\/index.php?rest_route=\/wp\/v2\/media\/94285"}],"wp:attachment":[{"href":"https:\/\/www.egemtv.com\/index.php?rest_route=%2Fwp%2Fv2%2Fmedia&parent=94284"}],"wp:term":[{"taxonomy":"category","embeddable":true,"href":"https:\/\/www.egemtv.com\/index.php?rest_route=%2Fwp%2Fv2%2Fcategories&post=94284"},{"taxonomy":"post_tag","embeddable":true,"href":"https:\/\/www.egemtv.com\/index.php?rest_route=%2Fwp%2Fv2%2Ftags&post=94284"}],"curies":[{"name":"wp","href":"https:\/\/api.w.org\/{rel}","templated":true}]}}