{"id":94281,"date":"2026-03-15T14:34:43","date_gmt":"2026-03-15T11:34:43","guid":{"rendered":"https:\/\/www.egemtv.com\/?p=94281"},"modified":"2026-03-15T14:34:45","modified_gmt":"2026-03-15T11:34:45","slug":"marmariste-cam-kese-bocegine-karsi-mekanik-ve-biyolojik-yontemlerle-mucadele-suruyor","status":"publish","type":"post","link":"https:\/\/www.egemtv.com\/?p=94281","title":{"rendered":"Marmaris\u2019te \u00e7am kese b\u00f6ce\u011fine kar\u015f\u0131  \u2019mekanik ve biyolojik y\u00f6ntemlerle m\u00fccadele\u2019 s\u00fcr\u00fcyor"},"content":{"rendered":"<p>Mu\u011fla\u2019n\u0131n Marmaris il\u00e7esi Orman \u0130\u015fletme M\u00fcd\u00fcrl\u00fc\u011f\u00fc ekipleri, il\u00e7e genelindeki ormanl\u0131k alanlarda g\u00f6r\u00fclen \u00e7am kese b\u00f6ce\u011fiyle m\u00fccadele \u00e7al\u0131\u015fmalar\u0131n\u0131 aral\u0131ks\u0131z s\u00fcrd\u00fcr\u00fcyor. Yetkililer  m\u00fccadelenin kimyasal de\u011fil, mekanik ve biyolojik oldu\u011fu vurgulad\u0131.<\/p>\n<p>Bahar aylar\u0131n\u0131n gelmesiyle birlikte \u00f6zellikle \u00e7am a\u011fa\u00e7lar\u0131n\u0131n yo\u011fun oldu\u011fu b\u00f6lgelerde a\u011fa\u00e7lar\u0131n \u00fczerinde beyaz keseler \u015feklinde g\u00f6r\u00fclen \u00e7am kese b\u00f6ceklerine kar\u015f\u0131 \u00e7al\u0131\u015fmalar h\u0131z kazand\u0131. Yetkililerin verdikleri bilgilere g\u00f6re Nisan ay\u0131nda t\u0131rt\u0131llar topra\u011fa inerek katar \u015feklinde ilerliyor bu g\u00f6r\u00fcnt\u00fc vatanda\u015flarda merak uyand\u0131r\u0131rken, \u00e7o\u011fu ki\u015fi taraf\u0131ndan a\u011fa\u00e7lar\u0131 kuruttuklar\u0131 d\u00fc\u015f\u00fcn\u00fcl\u00fcyor. Ancak \u00e7am kese b\u00f6cekleri a\u011fa\u00e7lar\u0131 tamamen kurutup \u00f6ld\u00fcrm\u00fcyor; yaln\u0131zca a\u011fa\u00e7lar\u0131n geli\u015fimini yava\u015flatarak zay\u0131f d\u00fc\u015fmelerine neden oluyor.<\/p>\n<p>Marmaris Orman \u0130\u015fletme M\u00fcd\u00fcrl\u00fc\u011f\u00fc ekipleri taraf\u0131ndan \u00e7al\u0131\u015fmalarda \u00e7am kese b\u00f6ce\u011fiyle m\u00fccadelede do\u011faya zarar vermeyen y\u00f6ntemler uyguland\u0131\u011f\u0131 belirtildi. Ekipler Mekanik y\u00f6ntemde a\u011fa\u00e7lardaki beyaz keseler makaslarla kesilerek toplay\u0131p, tel kafeslerin i\u00e7ine yerle\u015ftirerek zararl\u0131 olarak bilinen keseler, do\u011fal parazitler taraf\u0131ndan yok edilerek do\u011fan\u0131n dengesine katk\u0131 sa\u011flad\u0131\u011f\u0131 bilgisi verildi. Yap\u0131lan m\u00fccadele \u00e7al\u0131\u015fmalar\u0131  kapsam\u0131nda ayr\u0131ca ku\u015f pop\u00fclasyonunun art\u0131r\u0131lmas\u0131 amac\u0131yla ormanl\u0131k alanlara ku\u015f yuvalar\u0131 as\u0131l\u0131yor. Do\u011fal dengeyi korumak i\u00e7in bir di\u011fer y\u00f6ntem olarak ise laboratuvarlarda \u00fcretilen ve \u00e7am kese b\u00f6ce\u011fiyle beslenen y\u0131rt\u0131c\u0131 b\u00f6cekler ormanlara b\u0131rak\u0131ld\u0131\u011f\u0131 belirtildi. Orman ekosistemine zarar vermemek amac\u0131yla \u00e7am kese b\u00f6ce\u011fiyle m\u00fccadelede kimyasal y\u00f6ntemler kullan\u0131lmad\u0131\u011f\u0131n\u0131 vurgulayan Marmaris Orman \u0130\u015fletme M\u00fcd\u00fcrl\u00fc\u011f\u00fc ekipleri, il\u00e7e genelindeki ormanl\u0131k alanlarda mekanik ve biyolojik y\u00f6ntemlerle m\u00fccadele \u00e7al\u0131\u015fmalar\u0131n\u0131 s\u00fcrd\u00fcreceklerini kaydetti.<br \/><\/p>\n","protected":false},"excerpt":{"rendered":"<p>Mu\u011fla\u2019n\u0131n Marmaris il\u00e7esi Orman \u0130\u015fletme M\u00fcd\u00fcrl\u00fc\u011f\u00fc ekipleri, il\u00e7e genelindeki ormanl\u0131k alanlarda g\u00f6r\u00fclen \u00e7am kese b\u00f6ce\u011fiyle m\u00fccadele \u00e7al\u0131\u015fmalar\u0131n\u0131 aral\u0131ks\u0131z s\u00fcrd\u00fcr\u00fcyor. Yetkililer m\u00fccadelenin kimyasal de\u011fil, mekanik ve biyolojik oldu\u011fu vurgulad\u0131. Bahar aylar\u0131n\u0131n gelmesiyle birlikte \u00f6zellikle \u00e7am a\u011fa\u00e7lar\u0131n\u0131n yo\u011fun oldu\u011fu b\u00f6lgelerde a\u011fa\u00e7lar\u0131n \u00fczerinde beyaz keseler \u015feklinde g\u00f6r\u00fclen \u00e7am kese b\u00f6ceklerine kar\u015f\u0131 \u00e7al\u0131\u015fmalar h\u0131z kazand\u0131. Yetkililerin verdikleri bilgilere g\u00f6re&#8230;<\/p>\n","protected":false},"author":1,"featured_media":94282,"comment_status":"open","ping_status":"open","sticky":false,"template":"","format":"standard","meta":{"_crdt_document":"","footnotes":""},"categories":[1],"tags":[],"class_list":["post-94281","post","type-post","status-publish","format-standard","has-post-thumbnail","hentry","category-guncel"],"_links":{"self":[{"href":"https:\/\/www.egemtv.com\/index.php?rest_route=\/wp\/v2\/posts\/94281","targetHints":{"allow":["GET"]}}],"collection":[{"href":"https:\/\/www.egemtv.com\/index.php?rest_route=\/wp\/v2\/posts"}],"about":[{"href":"https:\/\/www.egemtv.com\/index.php?rest_route=\/wp\/v2\/types\/post"}],"author":[{"embeddable":true,"href":"https:\/\/www.egemtv.com\/index.php?rest_route=\/wp\/v2\/users\/1"}],"replies":[{"embeddable":true,"href":"https:\/\/www.egemtv.com\/index.php?rest_route=%2Fwp%2Fv2%2Fcomments&post=94281"}],"version-history":[{"count":1,"href":"https:\/\/www.egemtv.com\/index.php?rest_route=\/wp\/v2\/posts\/94281\/revisions"}],"predecessor-version":[{"id":94283,"href":"https:\/\/www.egemtv.com\/index.php?rest_route=\/wp\/v2\/posts\/94281\/revisions\/94283"}],"wp:featuredmedia":[{"embeddable":true,"href":"https:\/\/www.egemtv.com\/index.php?rest_route=\/wp\/v2\/media\/94282"}],"wp:attachment":[{"href":"https:\/\/www.egemtv.com\/index.php?rest_route=%2Fwp%2Fv2%2Fmedia&parent=94281"}],"wp:term":[{"taxonomy":"category","embeddable":true,"href":"https:\/\/www.egemtv.com\/index.php?rest_route=%2Fwp%2Fv2%2Fcategories&post=94281"},{"taxonomy":"post_tag","embeddable":true,"href":"https:\/\/www.egemtv.com\/index.php?rest_route=%2Fwp%2Fv2%2Ftags&post=94281"}],"curies":[{"name":"wp","href":"https:\/\/api.w.org\/{rel}","templated":true}]}}