{"id":94278,"date":"2026-03-15T14:14:55","date_gmt":"2026-03-15T11:14:55","guid":{"rendered":"https:\/\/www.egemtv.com\/?p=94278"},"modified":"2026-03-15T14:14:57","modified_gmt":"2026-03-15T11:14:57","slug":"karacasulu-sehit-kirez-mezari-basinda-anildi","status":"publish","type":"post","link":"https:\/\/www.egemtv.com\/?p=94278","title":{"rendered":"Karacasulu \u015eehit Kirez mezar\u0131 ba\u015f\u0131nda an\u0131ld\u0131"},"content":{"rendered":"<p>Ayd\u0131n\u2019\u0131n Karacasu il\u00e7esinden olan ve 15 Mart 2004 tarihinde 3\u2019\u00fcnc\u00fc Jandarma Komando Tabur Komutanl\u0131\u011f\u0131 emrinde vatani g\u00f6revini yapt\u0131\u011f\u0131 s\u0131rada \u015fehit d\u00fc\u015fen \u015eehit J. Komando Er \u00dcmit Kirez, \u015fehadetinin y\u0131l d\u00f6n\u00fcm\u00fcnde mezar\u0131 ba\u015f\u0131nda d\u00fczenlenen t\u00f6renle an\u0131ld\u0131.<\/p>\n<p>T\u00f6rene protokol \u00fcyeleri ve \u015fehidin ailesi kat\u0131ld\u0131. Dualar\u0131n edildi\u011fi anma program\u0131nda, \u015fehidin an\u0131s\u0131 sayg\u0131yla yad edildi. Karacasu Kaymakam\u0131 Mehmet G\u00fcndo\u011fdu, \u00dcmit Kirez\u2019in vatan u\u011fruna g\u00f6sterdi\u011fi fedak\u00e2rl\u0131\u011f\u0131n unutulmayaca\u011f\u0131n\u0131 vurgulayarak, &#8220;\u015eehitlerimiz, ba\u011f\u0131ms\u0131z ve g\u00fcvenli bir T\u00fcrkiye\u2019nin teminat\u0131d\u0131r. Onlar\u0131n hat\u0131ras\u0131n\u0131 ya\u015fatmak ve de\u011ferlerini gelecek nesillere aktarmak bizim g\u00f6revimizdir&#8221; ifadelerini kulland\u0131.<br \/><\/p>\n","protected":false},"excerpt":{"rendered":"<p>Ayd\u0131n\u2019\u0131n Karacasu il\u00e7esinden olan ve 15 Mart 2004 tarihinde 3\u2019\u00fcnc\u00fc Jandarma Komando Tabur Komutanl\u0131\u011f\u0131 emrinde vatani g\u00f6revini yapt\u0131\u011f\u0131 s\u0131rada \u015fehit d\u00fc\u015fen \u015eehit J. Komando Er \u00dcmit Kirez, \u015fehadetinin y\u0131l d\u00f6n\u00fcm\u00fcnde mezar\u0131 ba\u015f\u0131nda d\u00fczenlenen t\u00f6renle an\u0131ld\u0131. T\u00f6rene protokol \u00fcyeleri ve \u015fehidin ailesi kat\u0131ld\u0131. Dualar\u0131n edildi\u011fi anma program\u0131nda, \u015fehidin an\u0131s\u0131 sayg\u0131yla yad edildi. Karacasu Kaymakam\u0131 Mehmet G\u00fcndo\u011fdu,&#8230;<\/p>\n","protected":false},"author":1,"featured_media":94279,"comment_status":"open","ping_status":"open","sticky":false,"template":"","format":"standard","meta":{"_crdt_document":"","footnotes":""},"categories":[1],"tags":[],"class_list":["post-94278","post","type-post","status-publish","format-standard","has-post-thumbnail","hentry","category-guncel"],"_links":{"self":[{"href":"https:\/\/www.egemtv.com\/index.php?rest_route=\/wp\/v2\/posts\/94278","targetHints":{"allow":["GET"]}}],"collection":[{"href":"https:\/\/www.egemtv.com\/index.php?rest_route=\/wp\/v2\/posts"}],"about":[{"href":"https:\/\/www.egemtv.com\/index.php?rest_route=\/wp\/v2\/types\/post"}],"author":[{"embeddable":true,"href":"https:\/\/www.egemtv.com\/index.php?rest_route=\/wp\/v2\/users\/1"}],"replies":[{"embeddable":true,"href":"https:\/\/www.egemtv.com\/index.php?rest_route=%2Fwp%2Fv2%2Fcomments&post=94278"}],"version-history":[{"count":1,"href":"https:\/\/www.egemtv.com\/index.php?rest_route=\/wp\/v2\/posts\/94278\/revisions"}],"predecessor-version":[{"id":94280,"href":"https:\/\/www.egemtv.com\/index.php?rest_route=\/wp\/v2\/posts\/94278\/revisions\/94280"}],"wp:featuredmedia":[{"embeddable":true,"href":"https:\/\/www.egemtv.com\/index.php?rest_route=\/wp\/v2\/media\/94279"}],"wp:attachment":[{"href":"https:\/\/www.egemtv.com\/index.php?rest_route=%2Fwp%2Fv2%2Fmedia&parent=94278"}],"wp:term":[{"taxonomy":"category","embeddable":true,"href":"https:\/\/www.egemtv.com\/index.php?rest_route=%2Fwp%2Fv2%2Fcategories&post=94278"},{"taxonomy":"post_tag","embeddable":true,"href":"https:\/\/www.egemtv.com\/index.php?rest_route=%2Fwp%2Fv2%2Ftags&post=94278"}],"curies":[{"name":"wp","href":"https:\/\/api.w.org\/{rel}","templated":true}]}}