{"id":94275,"date":"2026-03-15T14:14:54","date_gmt":"2026-03-15T11:14:54","guid":{"rendered":"https:\/\/www.egemtv.com\/?p=94275"},"modified":"2026-03-15T14:14:55","modified_gmt":"2026-03-15T11:14:55","slug":"cuneyt-bicer-oyuncularimiz-sahaya-istediklerimizi-yansitti","status":"publish","type":"post","link":"https:\/\/www.egemtv.com\/?p=94275","title":{"rendered":"C\u00fcneyt Bi\u00e7er: &#8220;Oyuncular\u0131m\u0131z sahaya istediklerimizi yans\u0131tt\u0131&#8221;"},"content":{"rendered":"<p>Menemen FK Teknik Direkt\u00f6r\u00fc C\u00fcneyt Bi\u00e7er, Fethiyespor kar\u015f\u0131s\u0131nda al\u0131nan 1-0\u2019l\u0131k galibiyetin ard\u0131ndan oyuncular\u0131n\u0131n istediklerini b\u00fcy\u00fck \u00f6l\u00e7\u00fcde sahaya yans\u0131tt\u0131\u011f\u0131n\u0131 ve bu nedenle mutlu olduklar\u0131n\u0131 s\u00f6yledi.<br \/>\n<br \/>TFF 2. Lig K\u0131rm\u0131z\u0131 Grup ekiplerinden Menemen FK, ge\u00e7ti\u011fimiz g\u00fcnlerde teknik direkt\u00f6rl\u00fck de\u011fi\u015fikli\u011fini giderek Bilal K\u0131sa ile yollar\u0131n\u0131 ay\u0131r\u0131p tak\u0131m\u0131n ba\u015f\u0131na C\u00fcneyt Bi\u00e7er\u2019i getirdi. Bi\u00e7er de ilk ma\u00e7\u0131na d\u00fcn oynanan Fethiyespor deplasman\u0131nda \u00e7\u0131kt\u0131. \u0130zmir ekibi, zorlu m\u00fcsabakay\u0131 1-0 kazanmay\u0131 ba\u015fard\u0131. Bu sonu\u00e7la sar\u0131-lacivertliler 7 haftal\u0131k aran\u0131n ard\u0131ndan galibiyet sevinci ya\u015fad\u0131. Menemen FK\u2019n\u0131n yeni teknik direkt\u00f6r\u00fc C\u00fcneyt Bi\u00e7er de kul\u00fcb\u00fcn resmi sosyal medya hesab\u0131 \u00fczerinden kar\u015f\u0131la\u015fmaya dair a\u00e7\u0131klamalarda bulundu. Zorlu ge\u00e7en bir s\u00fcrecin ard\u0131ndan kazanarak ba\u015flamak hem kendileri i\u00e7in hem de tak\u0131m i\u00e7in moral verici oldu\u011funu s\u00f6yleyen C\u00fcneyt Bi\u00e7er, &#8220;\u00d6nemli bir deplasman galibiyeti elde ettik. G\u00f6reve geldikten sonra sadece \u00fc\u00e7 antrenmanl\u0131k \u00e7al\u0131\u015fma imkan\u0131 bulmam\u0131za ra\u011fmen futbolcular\u0131m\u0131z\u0131n yapmak istediklerimizi sahaya b\u00fcy\u00fck \u00f6l\u00e7\u00fcde yans\u0131tmas\u0131 bizim ad\u0131m\u0131za b\u00fcy\u00fck mutluluk. Oyuna sadakat k\u0131sm\u0131nda genel anlamda s\u0131k\u0131nt\u0131 ya\u015famad\u0131k ve plana tamamen sad\u0131k kald\u0131k. Ma\u00e7\u0131n tamam\u0131n\u0131 istedi\u011fimiz \u015fekilde g\u00f6t\u00fcrd\u00fck diyebiliriz. Oyunu zenginle\u015ftirebilecek futbolcu say\u0131s\u0131n\u0131n fazla oldu\u011fu bir ekibiz.<br \/>\n<br \/>Plana sad\u0131k kald\u0131\u011f\u0131m\u0131z m\u00fcddet\u00e7e bireysel yetene\u011fin taktikle harmanland\u0131\u011f\u0131, sonu\u00e7 odakl\u0131 ve g\u00f6ze ho\u015f gelecek bir oyun \u00fcretece\u011fiz. Bu potansiyel, gelecek d\u00f6nem i\u00e7in umut verici bir avantaja d\u00f6n\u00fc\u015fecek. K\u0131sa s\u00fcre i\u00e7inde bir ma\u00e7 kazand\u0131k ancak bu hanemize yaz\u0131lan bir galibiyetten \u00f6te oyunumuz ve kadromuzun geli\u015fme f\u0131rsat\u0131 yakalad\u0131\u011f\u0131 \u00f6nemli bir 90 dakika oldu. Bu geli\u015fme \u00f6n\u00fcm\u00fczdeki s\u00fcre\u00e7 i\u00e7in pozitif bir geri d\u00f6n\u00fc\u015f \u00fcretecek. T\u00fcm ekibimi y\u00fcrekten kutlar, eme\u011fi ge\u00e7en herkese te\u015fekk\u00fcr ederim&#8221; diye konu\u015ftu.<br \/><\/p>\n","protected":false},"excerpt":{"rendered":"<p>Menemen FK Teknik Direkt\u00f6r\u00fc C\u00fcneyt Bi\u00e7er, Fethiyespor kar\u015f\u0131s\u0131nda al\u0131nan 1-0\u2019l\u0131k galibiyetin ard\u0131ndan oyuncular\u0131n\u0131n istediklerini b\u00fcy\u00fck \u00f6l\u00e7\u00fcde sahaya yans\u0131tt\u0131\u011f\u0131n\u0131 ve bu nedenle mutlu olduklar\u0131n\u0131 s\u00f6yledi. TFF 2. Lig K\u0131rm\u0131z\u0131 Grup ekiplerinden Menemen FK, ge\u00e7ti\u011fimiz g\u00fcnlerde teknik direkt\u00f6rl\u00fck de\u011fi\u015fikli\u011fini giderek Bilal K\u0131sa ile yollar\u0131n\u0131 ay\u0131r\u0131p tak\u0131m\u0131n ba\u015f\u0131na C\u00fcneyt Bi\u00e7er\u2019i getirdi. Bi\u00e7er de ilk ma\u00e7\u0131na d\u00fcn oynanan Fethiyespor&#8230;<\/p>\n","protected":false},"author":1,"featured_media":94276,"comment_status":"open","ping_status":"open","sticky":false,"template":"","format":"standard","meta":{"_crdt_document":"","footnotes":""},"categories":[4],"tags":[],"class_list":["post-94275","post","type-post","status-publish","format-standard","has-post-thumbnail","hentry","category-spor"],"_links":{"self":[{"href":"https:\/\/www.egemtv.com\/index.php?rest_route=\/wp\/v2\/posts\/94275","targetHints":{"allow":["GET"]}}],"collection":[{"href":"https:\/\/www.egemtv.com\/index.php?rest_route=\/wp\/v2\/posts"}],"about":[{"href":"https:\/\/www.egemtv.com\/index.php?rest_route=\/wp\/v2\/types\/post"}],"author":[{"embeddable":true,"href":"https:\/\/www.egemtv.com\/index.php?rest_route=\/wp\/v2\/users\/1"}],"replies":[{"embeddable":true,"href":"https:\/\/www.egemtv.com\/index.php?rest_route=%2Fwp%2Fv2%2Fcomments&post=94275"}],"version-history":[{"count":1,"href":"https:\/\/www.egemtv.com\/index.php?rest_route=\/wp\/v2\/posts\/94275\/revisions"}],"predecessor-version":[{"id":94277,"href":"https:\/\/www.egemtv.com\/index.php?rest_route=\/wp\/v2\/posts\/94275\/revisions\/94277"}],"wp:featuredmedia":[{"embeddable":true,"href":"https:\/\/www.egemtv.com\/index.php?rest_route=\/wp\/v2\/media\/94276"}],"wp:attachment":[{"href":"https:\/\/www.egemtv.com\/index.php?rest_route=%2Fwp%2Fv2%2Fmedia&parent=94275"}],"wp:term":[{"taxonomy":"category","embeddable":true,"href":"https:\/\/www.egemtv.com\/index.php?rest_route=%2Fwp%2Fv2%2Fcategories&post=94275"},{"taxonomy":"post_tag","embeddable":true,"href":"https:\/\/www.egemtv.com\/index.php?rest_route=%2Fwp%2Fv2%2Ftags&post=94275"}],"curies":[{"name":"wp","href":"https:\/\/api.w.org\/{rel}","templated":true}]}}