{"id":94272,"date":"2026-03-15T14:14:52","date_gmt":"2026-03-15T11:14:52","guid":{"rendered":"https:\/\/www.egemtv.com\/?p=94272"},"modified":"2026-03-15T14:14:54","modified_gmt":"2026-03-15T11:14:54","slug":"koycegizli-minikler-mum-yapimini-ogrendi","status":"publish","type":"post","link":"https:\/\/www.egemtv.com\/?p=94272","title":{"rendered":"K\u00f6yce\u011fizli minikler mum yap\u0131m\u0131n\u0131 \u00f6\u011frendi"},"content":{"rendered":"<p>K\u00f6yce\u011fiz Anaokulu\u2019nun aile kat\u0131l\u0131m\u0131 etkinlikleri kapsam\u0131nda Mu\u011fla\u2019n\u0131n K\u00f6yce\u011fiz Meslek Y\u00fcksekokulu\u2019nda a\u011f\u0131rlanan minikler mum yap\u0131m\u0131n\u0131 \u00f6\u011frendi.<\/p>\n<p>Mu\u011fla\u2019n\u0131n K\u00f6yce\u011fiz Meslek Y\u00fcksekokulu\u2019nda \u00d6\u011fr. G\u00f6r. Dr. Salih Malko\u00e7o\u011flu ve ailesi taraf\u0131ndan d\u00fczenlenen mum yap\u0131m\u0131 etkinli\u011finde minik \u00f6\u011frenciler Bitkisel ve Hayvansal \u00dcretim B\u00f6l\u00fcm\u00fc laboratuvar\u0131nda a\u011f\u0131rland\u0131. 4-6 ya\u015f grubuna y\u00f6nelik ger\u00e7ekle\u015ftirilen etkinlikte \u00e7ocuklar ilk kez laboratuvar ortam\u0131n\u0131 tan\u0131ma f\u0131rsat\u0131 buldu. Do\u00e7. Dr. Yusuf S\u0131cak rehberli\u011finde do\u011fal i\u00e7eriklerle mum yap\u0131m s\u00fcrecini ad\u0131m ad\u0131m deneyimleyen minikler, \u00fcretim a\u015famalar\u0131n\u0131 g\u00f6zlemledi ve uygulamal\u0131 \u00e7al\u0131\u015fmalara kat\u0131ld\u0131. Minik \u00f6\u011frenciler bu sayede yeni kavramlar \u00f6\u011frenerek bilimin g\u00fcnl\u00fck ya\u015famla nas\u0131l ili\u015fkilendirilebilece\u011fini somut bir deneyimle ke\u015ffetti.<br \/><\/p>\n","protected":false},"excerpt":{"rendered":"<p>K\u00f6yce\u011fiz Anaokulu\u2019nun aile kat\u0131l\u0131m\u0131 etkinlikleri kapsam\u0131nda Mu\u011fla\u2019n\u0131n K\u00f6yce\u011fiz Meslek Y\u00fcksekokulu\u2019nda a\u011f\u0131rlanan minikler mum yap\u0131m\u0131n\u0131 \u00f6\u011frendi. Mu\u011fla\u2019n\u0131n K\u00f6yce\u011fiz Meslek Y\u00fcksekokulu\u2019nda \u00d6\u011fr. G\u00f6r. Dr. Salih Malko\u00e7o\u011flu ve ailesi taraf\u0131ndan d\u00fczenlenen mum yap\u0131m\u0131 etkinli\u011finde minik \u00f6\u011frenciler Bitkisel ve Hayvansal \u00dcretim B\u00f6l\u00fcm\u00fc laboratuvar\u0131nda a\u011f\u0131rland\u0131. 4-6 ya\u015f grubuna y\u00f6nelik ger\u00e7ekle\u015ftirilen etkinlikte \u00e7ocuklar ilk kez laboratuvar ortam\u0131n\u0131 tan\u0131ma f\u0131rsat\u0131 buldu. Do\u00e7&#8230;.<\/p>\n","protected":false},"author":1,"featured_media":94273,"comment_status":"open","ping_status":"open","sticky":false,"template":"","format":"standard","meta":{"_crdt_document":"","footnotes":""},"categories":[1],"tags":[],"class_list":["post-94272","post","type-post","status-publish","format-standard","has-post-thumbnail","hentry","category-guncel"],"_links":{"self":[{"href":"https:\/\/www.egemtv.com\/index.php?rest_route=\/wp\/v2\/posts\/94272","targetHints":{"allow":["GET"]}}],"collection":[{"href":"https:\/\/www.egemtv.com\/index.php?rest_route=\/wp\/v2\/posts"}],"about":[{"href":"https:\/\/www.egemtv.com\/index.php?rest_route=\/wp\/v2\/types\/post"}],"author":[{"embeddable":true,"href":"https:\/\/www.egemtv.com\/index.php?rest_route=\/wp\/v2\/users\/1"}],"replies":[{"embeddable":true,"href":"https:\/\/www.egemtv.com\/index.php?rest_route=%2Fwp%2Fv2%2Fcomments&post=94272"}],"version-history":[{"count":1,"href":"https:\/\/www.egemtv.com\/index.php?rest_route=\/wp\/v2\/posts\/94272\/revisions"}],"predecessor-version":[{"id":94274,"href":"https:\/\/www.egemtv.com\/index.php?rest_route=\/wp\/v2\/posts\/94272\/revisions\/94274"}],"wp:featuredmedia":[{"embeddable":true,"href":"https:\/\/www.egemtv.com\/index.php?rest_route=\/wp\/v2\/media\/94273"}],"wp:attachment":[{"href":"https:\/\/www.egemtv.com\/index.php?rest_route=%2Fwp%2Fv2%2Fmedia&parent=94272"}],"wp:term":[{"taxonomy":"category","embeddable":true,"href":"https:\/\/www.egemtv.com\/index.php?rest_route=%2Fwp%2Fv2%2Fcategories&post=94272"},{"taxonomy":"post_tag","embeddable":true,"href":"https:\/\/www.egemtv.com\/index.php?rest_route=%2Fwp%2Fv2%2Ftags&post=94272"}],"curies":[{"name":"wp","href":"https:\/\/api.w.org\/{rel}","templated":true}]}}