{"id":94269,"date":"2026-03-15T13:54:35","date_gmt":"2026-03-15T10:54:35","guid":{"rendered":"https:\/\/www.egemtv.com\/?p=94269"},"modified":"2026-03-15T13:54:36","modified_gmt":"2026-03-15T10:54:36","slug":"koycegizli-ogrenciler-bilek-guresinde-ilk-madalyalarini-aldi","status":"publish","type":"post","link":"https:\/\/www.egemtv.com\/?p=94269","title":{"rendered":"K\u00f6yce\u011fizli \u00f6\u011frenciler bilek g\u00fcre\u015finde ilk madalyalar\u0131n\u0131 ald\u0131"},"content":{"rendered":"<p>Mu\u011fla Gen\u00e7lik ve Spor \u0130l M\u00fcd\u00fcrl\u00fc\u011f\u00fc taraf\u0131ndan organize edilen Okul Sporlar\u0131 Y\u0131ld\u0131z K\u0131zlar ve Erkekler Bilek G\u00fcre\u015fi Grup Birincili\u011fi Mente\u015fe Spor Salonu\u2019nda ger\u00e7ekle\u015ftirilen m\u00fcsabakalar\u0131n ard\u0131ndan sona erdi. Sporcular derece elde etmek i\u00e7in b\u00fcy\u00fck m\u00fccadele verirken, K\u00f6yce\u011fizli sporcular bilek g\u00fcre\u015fi yar\u0131\u015fmalar\u0131nda ilk deneyim ve ilk madalya alman\u0131n sevincini ya\u015fad\u0131.<\/p>\n<p>2025-2026 \u00d6\u011fretim Y\u0131l\u0131 Okulsporlar\u0131 faaliyet program\u0131nda yer alan Y\u0131ld\u0131z K\u0131zlar Sa\u011f ve Sol Kol Bilek G\u00fcre\u015fi \u0130l \u015eampiyonas\u0131nda K\u00f6yce\u011fiz Gen\u00e7likspor sporcular\u0131; K\u00f6yce\u011fiz Atat\u00fcrk Ortaokulu \u00f6\u011frencisi Aylin \u00c7omak, 60 kilo Sa\u011f kol Birinci, 60 Kilo Sol Kol Birinci; K\u00f6yce\u011fiz \u0130mamhatip Ortaokulu \u00f6\u011frencisi Ecrin T\u00fcrk, +65 kilo Sol Kol \u0130kinci, +65 kilo Sa\u011f Kol \u00fc\u00e7\u00fcnc\u00fc oldu. K\u00f6yce\u011fizli sporcular bilek g\u00fcre\u015fi yar\u0131\u015fmalar\u0131nda ilk deneyim ve ilk madalya alman\u0131n sevincini ya\u015fad\u0131lar. Antren\u00f6r Elis Y\u0131ld\u0131z yapt\u0131\u011f\u0131 a\u00e7\u0131klamada, &#8220;Eme\u011fi ge\u00e7en ve bizden desteklerini hi\u00e7bir zaman esirgemeyen K\u00f6yce\u011fiz Kaymakam\u0131m\u0131z Mert Kumcu\u2019ya, K\u00f6yce\u011fiz Gen\u00e7lik ve Spor \u0130l\u00e7e M\u00fcd\u00fcr\u00fcm\u00fcz Mehmet Kaleli\u2019ye, K\u00f6yce\u011fiz Atat\u00fcrk Ortaokulu ve K\u00f6yce\u011fiz \u0130mam Hatip Ortaokulu y\u00f6netimine; ailelerim, \u015fahs\u0131m ve sporcular\u0131m ad\u0131na \u00e7ok te\u015fekk\u00fcr ediyorum&#8221; dedi.<br \/><\/p>\n","protected":false},"excerpt":{"rendered":"<p>Mu\u011fla Gen\u00e7lik ve Spor \u0130l M\u00fcd\u00fcrl\u00fc\u011f\u00fc taraf\u0131ndan organize edilen Okul Sporlar\u0131 Y\u0131ld\u0131z K\u0131zlar ve Erkekler Bilek G\u00fcre\u015fi Grup Birincili\u011fi Mente\u015fe Spor Salonu\u2019nda ger\u00e7ekle\u015ftirilen m\u00fcsabakalar\u0131n ard\u0131ndan sona erdi. Sporcular derece elde etmek i\u00e7in b\u00fcy\u00fck m\u00fccadele verirken, K\u00f6yce\u011fizli sporcular bilek g\u00fcre\u015fi yar\u0131\u015fmalar\u0131nda ilk deneyim ve ilk madalya alman\u0131n sevincini ya\u015fad\u0131. 2025-2026 \u00d6\u011fretim Y\u0131l\u0131 Okulsporlar\u0131 faaliyet program\u0131nda yer&#8230;<\/p>\n","protected":false},"author":1,"featured_media":94270,"comment_status":"open","ping_status":"open","sticky":false,"template":"","format":"standard","meta":{"_crdt_document":"","footnotes":""},"categories":[4],"tags":[],"class_list":["post-94269","post","type-post","status-publish","format-standard","has-post-thumbnail","hentry","category-spor"],"_links":{"self":[{"href":"https:\/\/www.egemtv.com\/index.php?rest_route=\/wp\/v2\/posts\/94269","targetHints":{"allow":["GET"]}}],"collection":[{"href":"https:\/\/www.egemtv.com\/index.php?rest_route=\/wp\/v2\/posts"}],"about":[{"href":"https:\/\/www.egemtv.com\/index.php?rest_route=\/wp\/v2\/types\/post"}],"author":[{"embeddable":true,"href":"https:\/\/www.egemtv.com\/index.php?rest_route=\/wp\/v2\/users\/1"}],"replies":[{"embeddable":true,"href":"https:\/\/www.egemtv.com\/index.php?rest_route=%2Fwp%2Fv2%2Fcomments&post=94269"}],"version-history":[{"count":1,"href":"https:\/\/www.egemtv.com\/index.php?rest_route=\/wp\/v2\/posts\/94269\/revisions"}],"predecessor-version":[{"id":94271,"href":"https:\/\/www.egemtv.com\/index.php?rest_route=\/wp\/v2\/posts\/94269\/revisions\/94271"}],"wp:featuredmedia":[{"embeddable":true,"href":"https:\/\/www.egemtv.com\/index.php?rest_route=\/wp\/v2\/media\/94270"}],"wp:attachment":[{"href":"https:\/\/www.egemtv.com\/index.php?rest_route=%2Fwp%2Fv2%2Fmedia&parent=94269"}],"wp:term":[{"taxonomy":"category","embeddable":true,"href":"https:\/\/www.egemtv.com\/index.php?rest_route=%2Fwp%2Fv2%2Fcategories&post=94269"},{"taxonomy":"post_tag","embeddable":true,"href":"https:\/\/www.egemtv.com\/index.php?rest_route=%2Fwp%2Fv2%2Ftags&post=94269"}],"curies":[{"name":"wp","href":"https:\/\/api.w.org\/{rel}","templated":true}]}}