{"id":94266,"date":"2026-03-15T12:34:48","date_gmt":"2026-03-15T09:34:48","guid":{"rendered":"https:\/\/www.egemtv.com\/?p=94266"},"modified":"2026-03-15T12:34:49","modified_gmt":"2026-03-15T09:34:49","slug":"karsiyakadan-5-maclik-galibiyet-serisi","status":"publish","type":"post","link":"https:\/\/www.egemtv.com\/?p=94266","title":{"rendered":"Kar\u015f\u0131yaka\u2019dan 5 ma\u00e7l\u0131k galibiyet serisi"},"content":{"rendered":"<p>Kar\u015f\u0131yaka, son olarak d\u00fcn oynanan ma\u00e7ta play-off hatt\u0131ndaki birebir rakiplerinden Ayval\u0131kg\u00fcc\u00fc Belediyespor\u2019u 2-0 ma\u011flup ederek \u00fcst \u00fcste 5. galibiyetini elde etti.<br \/>\n<br \/>Kar\u015f\u0131yaka\u2019da y\u00fckseli\u015f h\u0131z kesmeden devam ediyor. Son haftalarda g\u00f6sterdi\u011fi performansla vites artt\u0131ran ye\u015fil-k\u0131rm\u0131z\u0131l\u0131 ekip, bu kez ligde 4. s\u0131rada yer alan ve en yak\u0131n takip\u00e7isi olan Ayval\u0131kg\u00fcc\u00fc Belediyespor\u2019u ma\u011flup ederek \u00f6nemli bir galibiyete imza att\u0131. Bu sonu\u00e7la birlikte Kar\u015f\u0131yaka, rakibiyle aras\u0131ndaki puan fark\u0131n\u0131 4\u2019e \u00e7\u0131kararak 3. s\u0131radaki yerini daha da sa\u011flamla\u015ft\u0131rd\u0131. \u00dcst \u00fcste ald\u0131\u011f\u0131 sonu\u00e7larla dikkat \u00e7eken \u0130zmir temsilcisi, b\u00f6ylece ligdeki galibiyet serisini 5 ma\u00e7a \u00e7\u0131kard\u0131.<br \/>\n<br \/>Ligde puan\u0131n\u0131 56\u2019ya y\u00fckselten Kar\u015f\u0131yaka, ikinci s\u0131raya y\u00fckselme iddias\u0131n\u0131 s\u00fcrd\u00fcr\u00fcrken, 2. basamakta yer alan Eski\u015fehirspor\u2019u yak\u0131ndan takip etmeye devam ediyor.<\/p>\n<p>\u00d6mer Faruk atmaya devam ediyor<br \/>\n<br \/>Kar\u015f\u0131yaka\u2019n\u0131n forvet oyuncusu \u00d6mer Faruk Sezgin, att\u0131\u011f\u0131 gollerle tak\u0131m\u0131n\u0131n ald\u0131\u011f\u0131 galibiyetlerde \u00f6nemli rol oynad\u0131. Sezon ba\u015f\u0131nda K\u00fctahyaspor\u2019dan transfer edilen 26 ya\u015f\u0131ndaki golc\u00fc oyuncu, son haftalardaki performans\u0131yla dikkat \u00e7ekiyor.<br \/>\n<br \/>26 ya\u015f\u0131ndaki golc\u00fc, son 4 ma\u00e7ta rakip fileleri tam 8 kez havaland\u0131rarak tak\u0131m\u0131n\u0131n y\u00fckseli\u015finde ba\u015frol oynad\u0131. Deneyimli forvet; Nazillispor kar\u015f\u0131s\u0131nda 3 gol atarken, Altay ve Ayval\u0131kg\u00fcc\u00fc Belediyespor ma\u00e7lar\u0131nda 2\u2019\u015fer gol kaydetti. Ayr\u0131ca deplasmanda oynanan U\u015fakspor kar\u015f\u0131la\u015fmas\u0131nda da 1 kez a\u011flar\u0131 sarst\u0131.<br \/>\n<br \/>Bahis soru\u015fturmas\u0131 nedeniyle sezonun ilk yar\u0131s\u0131nda forma giyemeyen golc\u00fc oyuncu, cezas\u0131n\u0131n sona ermesinin ard\u0131ndan Kar\u015f\u0131yaka formas\u0131yla \u00e7\u0131kt\u0131\u011f\u0131 9 ma\u00e7ta 9 gol atarak etkileyici bir performans ortaya koydu.<br \/><\/p>\n","protected":false},"excerpt":{"rendered":"<p>Kar\u015f\u0131yaka, son olarak d\u00fcn oynanan ma\u00e7ta play-off hatt\u0131ndaki birebir rakiplerinden Ayval\u0131kg\u00fcc\u00fc Belediyespor\u2019u 2-0 ma\u011flup ederek \u00fcst \u00fcste 5. galibiyetini elde etti. Kar\u015f\u0131yaka\u2019da y\u00fckseli\u015f h\u0131z kesmeden devam ediyor. Son haftalarda g\u00f6sterdi\u011fi performansla vites artt\u0131ran ye\u015fil-k\u0131rm\u0131z\u0131l\u0131 ekip, bu kez ligde 4. s\u0131rada yer alan ve en yak\u0131n takip\u00e7isi olan Ayval\u0131kg\u00fcc\u00fc Belediyespor\u2019u ma\u011flup ederek \u00f6nemli bir galibiyete imza&#8230;<\/p>\n","protected":false},"author":1,"featured_media":94267,"comment_status":"open","ping_status":"open","sticky":false,"template":"","format":"standard","meta":{"_crdt_document":"","footnotes":""},"categories":[4],"tags":[],"class_list":["post-94266","post","type-post","status-publish","format-standard","has-post-thumbnail","hentry","category-spor"],"_links":{"self":[{"href":"https:\/\/www.egemtv.com\/index.php?rest_route=\/wp\/v2\/posts\/94266","targetHints":{"allow":["GET"]}}],"collection":[{"href":"https:\/\/www.egemtv.com\/index.php?rest_route=\/wp\/v2\/posts"}],"about":[{"href":"https:\/\/www.egemtv.com\/index.php?rest_route=\/wp\/v2\/types\/post"}],"author":[{"embeddable":true,"href":"https:\/\/www.egemtv.com\/index.php?rest_route=\/wp\/v2\/users\/1"}],"replies":[{"embeddable":true,"href":"https:\/\/www.egemtv.com\/index.php?rest_route=%2Fwp%2Fv2%2Fcomments&post=94266"}],"version-history":[{"count":1,"href":"https:\/\/www.egemtv.com\/index.php?rest_route=\/wp\/v2\/posts\/94266\/revisions"}],"predecessor-version":[{"id":94268,"href":"https:\/\/www.egemtv.com\/index.php?rest_route=\/wp\/v2\/posts\/94266\/revisions\/94268"}],"wp:featuredmedia":[{"embeddable":true,"href":"https:\/\/www.egemtv.com\/index.php?rest_route=\/wp\/v2\/media\/94267"}],"wp:attachment":[{"href":"https:\/\/www.egemtv.com\/index.php?rest_route=%2Fwp%2Fv2%2Fmedia&parent=94266"}],"wp:term":[{"taxonomy":"category","embeddable":true,"href":"https:\/\/www.egemtv.com\/index.php?rest_route=%2Fwp%2Fv2%2Fcategories&post=94266"},{"taxonomy":"post_tag","embeddable":true,"href":"https:\/\/www.egemtv.com\/index.php?rest_route=%2Fwp%2Fv2%2Ftags&post=94266"}],"curies":[{"name":"wp","href":"https:\/\/api.w.org\/{rel}","templated":true}]}}