{"id":94263,"date":"2026-03-15T12:14:52","date_gmt":"2026-03-15T09:14:52","guid":{"rendered":"https:\/\/www.egemtv.com\/?p=94263"},"modified":"2026-03-15T12:14:53","modified_gmt":"2026-03-15T09:14:53","slug":"sehit-ailesi-ile-devlet-korumasindaki-cocuklar-ayni-sofrada-bulustu","status":"publish","type":"post","link":"https:\/\/www.egemtv.com\/?p=94263","title":{"rendered":"\u015eehit ailesi ile devlet korumas\u0131ndaki \u00e7ocuklar ayn\u0131 sofrada bulu\u015ftu"},"content":{"rendered":"<p>Manisa Valisi Vahdettin \u00d6zkan ve e\u015fi Ruhan \u00d6zkan, Jandarma er \u015fehidi Ferhat Alaku\u015f\u2019un ailesiyle birlikte devlet korumas\u0131 alt\u0131ndaki \u00e7ocuklar\u0131 ziyaret ederek ayn\u0131 sofrada iftar yapt\u0131.<br \/>\n<br \/>Ramazan ay\u0131n\u0131n birlik, beraberlik ve payla\u015fma ruhunun ya\u015fand\u0131\u011f\u0131 ziyarette Vali \u00d6zkan ve e\u015fi, kurumlar\u0131n hizmet verdi\u011fi \u00e7ocuklar\u0131n evine misafir oldu. \u00c7ocuklarla yak\u0131ndan ilgilenen ve sohbet eden \u00d6zkan \u00e7ifti, onlar\u0131n Ramazan sevincini payla\u015ft\u0131.<br \/>\n<br \/>Samimi bir atmosferde ger\u00e7ekle\u015fen ziyarette \u015eehit Ferhat Alaku\u015f\u2019un ailesi de \u00e7ocuklarla ayn\u0131 sofray\u0131 payla\u015farak Ramazan\u2019\u0131n bereketini birlikte ya\u015fad\u0131.<br \/>\n<br \/>Vali \u00d6zkan, aziz \u015fehitlerin k\u0131ymetli aileleri ile devlet himayesinde bulunan \u00e7ocuklar\u0131n ayn\u0131 sofrada bulu\u015fmas\u0131n\u0131n milletin k\u00f6kl\u00fc dayan\u0131\u015fma ve vefa k\u00fclt\u00fcr\u00fcn\u00fcn en anlaml\u0131 \u00f6rneklerinden biri oldu\u011funu ifade etti.<br \/>\n<br \/>\u00c7ocuklar\u0131n her zaman devletin \u015fefkati ve deste\u011fi alt\u0131nda oldu\u011funu vurgulayan Vali \u00d6zkan, onlar\u0131n en iyi \u015fartlarda yeti\u015fmesi i\u00e7in devletin t\u00fcm kurumlar\u0131n\u0131n titizlikle \u00e7al\u0131\u015ft\u0131\u011f\u0131n\u0131 belirtti.<br \/><\/p>\n","protected":false},"excerpt":{"rendered":"<p>Manisa Valisi Vahdettin \u00d6zkan ve e\u015fi Ruhan \u00d6zkan, Jandarma er \u015fehidi Ferhat Alaku\u015f\u2019un ailesiyle birlikte devlet korumas\u0131 alt\u0131ndaki \u00e7ocuklar\u0131 ziyaret ederek ayn\u0131 sofrada iftar yapt\u0131. Ramazan ay\u0131n\u0131n birlik, beraberlik ve payla\u015fma ruhunun ya\u015fand\u0131\u011f\u0131 ziyarette Vali \u00d6zkan ve e\u015fi, kurumlar\u0131n hizmet verdi\u011fi \u00e7ocuklar\u0131n evine misafir oldu. \u00c7ocuklarla yak\u0131ndan ilgilenen ve sohbet eden \u00d6zkan \u00e7ifti, onlar\u0131n Ramazan&#8230;<\/p>\n","protected":false},"author":1,"featured_media":94264,"comment_status":"open","ping_status":"open","sticky":false,"template":"","format":"standard","meta":{"_crdt_document":"","footnotes":""},"categories":[123],"tags":[],"class_list":["post-94263","post","type-post","status-publish","format-standard","has-post-thumbnail","hentry","category-gundem"],"_links":{"self":[{"href":"https:\/\/www.egemtv.com\/index.php?rest_route=\/wp\/v2\/posts\/94263","targetHints":{"allow":["GET"]}}],"collection":[{"href":"https:\/\/www.egemtv.com\/index.php?rest_route=\/wp\/v2\/posts"}],"about":[{"href":"https:\/\/www.egemtv.com\/index.php?rest_route=\/wp\/v2\/types\/post"}],"author":[{"embeddable":true,"href":"https:\/\/www.egemtv.com\/index.php?rest_route=\/wp\/v2\/users\/1"}],"replies":[{"embeddable":true,"href":"https:\/\/www.egemtv.com\/index.php?rest_route=%2Fwp%2Fv2%2Fcomments&post=94263"}],"version-history":[{"count":1,"href":"https:\/\/www.egemtv.com\/index.php?rest_route=\/wp\/v2\/posts\/94263\/revisions"}],"predecessor-version":[{"id":94265,"href":"https:\/\/www.egemtv.com\/index.php?rest_route=\/wp\/v2\/posts\/94263\/revisions\/94265"}],"wp:featuredmedia":[{"embeddable":true,"href":"https:\/\/www.egemtv.com\/index.php?rest_route=\/wp\/v2\/media\/94264"}],"wp:attachment":[{"href":"https:\/\/www.egemtv.com\/index.php?rest_route=%2Fwp%2Fv2%2Fmedia&parent=94263"}],"wp:term":[{"taxonomy":"category","embeddable":true,"href":"https:\/\/www.egemtv.com\/index.php?rest_route=%2Fwp%2Fv2%2Fcategories&post=94263"},{"taxonomy":"post_tag","embeddable":true,"href":"https:\/\/www.egemtv.com\/index.php?rest_route=%2Fwp%2Fv2%2Ftags&post=94263"}],"curies":[{"name":"wp","href":"https:\/\/api.w.org\/{rel}","templated":true}]}}