{"id":94260,"date":"2026-03-15T12:14:50","date_gmt":"2026-03-15T09:14:50","guid":{"rendered":"https:\/\/www.egemtv.com\/?p=94260"},"modified":"2026-03-15T12:14:52","modified_gmt":"2026-03-15T09:14:52","slug":"yikilan-ishani-alaninda-cevre-duzenlemesi-tamamlandi","status":"publish","type":"post","link":"https:\/\/www.egemtv.com\/?p=94260","title":{"rendered":"Y\u0131k\u0131lan i\u015fhan\u0131 alan\u0131nda \u00e7evre d\u00fczenlemesi tamamland\u0131"},"content":{"rendered":"<p>M\u00fclk sahipleri taraf\u0131ndan y\u0131k\u0131m\u0131 ger\u00e7ekle\u015ftirilen Orgeneral Mustafa Mu\u011flal\u0131 \u0130\u015fhan\u0131\u2019n\u0131n bulundu\u011fu alanda Mente\u015fe Belediyesi ve Mu\u011fla B\u00fcy\u00fck\u015fehir Belediyesi taraf\u0131ndan y\u00fcr\u00fct\u00fclen koordineli \u00e7al\u0131\u015fmalar kapsam\u0131nda \u00e7evre d\u00fczenlemesine y\u00f6nelik iyile\u015ftirme \u00e7al\u0131\u015fmalar\u0131 yap\u0131ld\u0131.<br \/>\n<br \/>Y\u0131k\u0131m\u0131n ard\u0131ndan sahada kalan kal\u0131nt\u0131lar\u0131n \u00e7evre ve g\u00f6r\u00fcnt\u00fc a\u00e7\u0131s\u0131ndan olumsuz bir durum olu\u015fturmas\u0131 ve g\u00fcvenlik bak\u0131m\u0131ndan risk bar\u0131nd\u0131rmas\u0131 \u00fczerine vatanda\u015flardan gelen talep ve de\u011ferlendirmeler do\u011frultusunda Mente\u015fe ve B\u00fcy\u00fck\u015fehir belediye ekipleri taraf\u0131ndan alanda kald\u0131r\u0131labilir nitelikte d\u00fczenleme \u00e7al\u0131\u015fmas\u0131 ger\u00e7ekle\u015ftirildi. Yap\u0131lan m\u00fcdahale ile alan\u0131n mevcut fiziki durumu daha d\u00fczenli ve g\u00fcvenli bir hale getirildi.<br \/>\n<br \/>D\u00fczenlemeler kapsam\u0131nda zemine \u00e7im serildi, alan i\u00e7erisinden bir y\u00fcr\u00fcy\u00fc\u015f yolu olu\u015fturuldu ve \u00e7e\u015fitli t\u00fcrlerde a\u011fa\u00e7lar dikildi. Olu\u015fturulan ye\u015fil alan\u0131n sulamas\u0131nda da gri su kullan\u0131lacak.<br \/>\n<br \/>Mente\u015fe Belediyesi ekiplerinin \u00e7al\u0131\u015fmalar\u0131 kapsam\u0131nda da \u00f6n\u00fcm\u00fczdeki birka\u00e7 g\u00fcn i\u00e7erisinde alana ayd\u0131nlatma direkleri ve banklar\u0131n yerle\u015ftirilmesi planlan\u0131yor. Alan, hukuki s\u00fcre\u00e7 tamamlanana ve \u00e7\u0131kacak sonucuna g\u00f6re yap\u0131lacak de\u011ferlendirmeye kadar halk\u0131m\u0131z\u0131n kullan\u0131m\u0131na sunuldu.<br \/><\/p>\n","protected":false},"excerpt":{"rendered":"<p>M\u00fclk sahipleri taraf\u0131ndan y\u0131k\u0131m\u0131 ger\u00e7ekle\u015ftirilen Orgeneral Mustafa Mu\u011flal\u0131 \u0130\u015fhan\u0131\u2019n\u0131n bulundu\u011fu alanda Mente\u015fe Belediyesi ve Mu\u011fla B\u00fcy\u00fck\u015fehir Belediyesi taraf\u0131ndan y\u00fcr\u00fct\u00fclen koordineli \u00e7al\u0131\u015fmalar kapsam\u0131nda \u00e7evre d\u00fczenlemesine y\u00f6nelik iyile\u015ftirme \u00e7al\u0131\u015fmalar\u0131 yap\u0131ld\u0131. Y\u0131k\u0131m\u0131n ard\u0131ndan sahada kalan kal\u0131nt\u0131lar\u0131n \u00e7evre ve g\u00f6r\u00fcnt\u00fc a\u00e7\u0131s\u0131ndan olumsuz bir durum olu\u015fturmas\u0131 ve g\u00fcvenlik bak\u0131m\u0131ndan risk bar\u0131nd\u0131rmas\u0131 \u00fczerine vatanda\u015flardan gelen talep ve de\u011ferlendirmeler do\u011frultusunda Mente\u015fe ve&#8230;<\/p>\n","protected":false},"author":1,"featured_media":94261,"comment_status":"open","ping_status":"open","sticky":false,"template":"","format":"standard","meta":{"_crdt_document":"","footnotes":""},"categories":[1],"tags":[],"class_list":["post-94260","post","type-post","status-publish","format-standard","has-post-thumbnail","hentry","category-guncel"],"_links":{"self":[{"href":"https:\/\/www.egemtv.com\/index.php?rest_route=\/wp\/v2\/posts\/94260","targetHints":{"allow":["GET"]}}],"collection":[{"href":"https:\/\/www.egemtv.com\/index.php?rest_route=\/wp\/v2\/posts"}],"about":[{"href":"https:\/\/www.egemtv.com\/index.php?rest_route=\/wp\/v2\/types\/post"}],"author":[{"embeddable":true,"href":"https:\/\/www.egemtv.com\/index.php?rest_route=\/wp\/v2\/users\/1"}],"replies":[{"embeddable":true,"href":"https:\/\/www.egemtv.com\/index.php?rest_route=%2Fwp%2Fv2%2Fcomments&post=94260"}],"version-history":[{"count":1,"href":"https:\/\/www.egemtv.com\/index.php?rest_route=\/wp\/v2\/posts\/94260\/revisions"}],"predecessor-version":[{"id":94262,"href":"https:\/\/www.egemtv.com\/index.php?rest_route=\/wp\/v2\/posts\/94260\/revisions\/94262"}],"wp:featuredmedia":[{"embeddable":true,"href":"https:\/\/www.egemtv.com\/index.php?rest_route=\/wp\/v2\/media\/94261"}],"wp:attachment":[{"href":"https:\/\/www.egemtv.com\/index.php?rest_route=%2Fwp%2Fv2%2Fmedia&parent=94260"}],"wp:term":[{"taxonomy":"category","embeddable":true,"href":"https:\/\/www.egemtv.com\/index.php?rest_route=%2Fwp%2Fv2%2Fcategories&post=94260"},{"taxonomy":"post_tag","embeddable":true,"href":"https:\/\/www.egemtv.com\/index.php?rest_route=%2Fwp%2Fv2%2Ftags&post=94260"}],"curies":[{"name":"wp","href":"https:\/\/api.w.org\/{rel}","templated":true}]}}