{"id":94254,"date":"2026-03-15T11:55:39","date_gmt":"2026-03-15T08:55:39","guid":{"rendered":"https:\/\/www.egemtv.com\/?p=94254"},"modified":"2026-03-15T11:55:40","modified_gmt":"2026-03-15T08:55:40","slug":"koycegizli-ogrenciler-futsalda-il-ikincisi-oldu","status":"publish","type":"post","link":"https:\/\/www.egemtv.com\/?p=94254","title":{"rendered":"K\u00f6yce\u011fizli \u00f6\u011frenciler Futsal\u2019da \u0130l ikincisi oldu"},"content":{"rendered":"<p>Mu\u011fla\u2019n\u0131n K\u00f6yce\u011fiz il\u00e7esinde d\u00fczenlenen \u2019Okullar Aras\u0131 Futsal \u0130l Birincili\u011fi\u2019 m\u00fcsabakalar\u0131nda K\u00f6yce\u011fizli \u00f6\u011frenciler ikinci oldu.<\/p>\n<p>2025-2026 okul sporlar\u0131 faaliyet program\u0131nda yer alan Okullar Aras\u0131 Y\u0131ld\u0131z K\u0131zlar Futsal \u0130l Birincili\u011fi m\u00fcsabakalar\u0131na kat\u0131lan K\u00f6yce\u011fiz Toparlar Ortaokulu b\u00fcy\u00fck bir ba\u015far\u0131ya imza atarak ikinci olmay\u0131 ba\u015fard\u0131. K\u00f6yce\u011fiz Toparlar Ortaokulu\u2019nun sosyal medya hesab\u0131ndan yap\u0131lan payla\u015f\u0131mda, &#8220;Mu\u011fla\u2019da ba\u015far\u0131 elde eden \u00f6\u011frencileri tebrik ederek, &#8220;K\u00f6yce\u011fiz\u2019de yap\u0131lan futsal ma\u00e7\u0131nda g\u00fc\u00e7l\u00fc okullar aras\u0131nda okulumuz ikinci olmu\u015ftur. Ya\u015fam\u0131m\u0131z\u0131n de\u011ferli varl\u0131klar\u0131 \u00e7ocuklar\u0131m\u0131za g\u00fc\u00e7 vermek, ba\u015far\u0131l\u0131 olduklar\u0131 her alanda onlarla oldu\u011fumuzu, sonu\u00e7 ne olursa olsun de\u011ferli olduklar\u0131n\u0131 hissettirmek ad\u0131na sizinleyiz \u015fiar\u0131yla \u00e7ocuklar\u0131m\u0131z\u0131n ba\u015far\u0131s\u0131na ortak olduk. Bunun gurur ve mutlulu\u011funu hep birlikte ya\u015famaktay\u0131z. Yo\u011fun emek veren Beden E\u011fitimi \u00f6\u011fretmenimiz Ramazan Demirci\u2019ye ve bizleri gururland\u0131ran \u00e7ocuklar\u0131m\u0131za \u00e7ok te\u015fekk\u00fcr eder, sevgilerimi sunar\u0131m&#8221; ifadeleri kullan\u0131ld\u0131.<br \/><\/p>\n","protected":false},"excerpt":{"rendered":"<p>Mu\u011fla\u2019n\u0131n K\u00f6yce\u011fiz il\u00e7esinde d\u00fczenlenen \u2019Okullar Aras\u0131 Futsal \u0130l Birincili\u011fi\u2019 m\u00fcsabakalar\u0131nda K\u00f6yce\u011fizli \u00f6\u011frenciler ikinci oldu. 2025-2026 okul sporlar\u0131 faaliyet program\u0131nda yer alan Okullar Aras\u0131 Y\u0131ld\u0131z K\u0131zlar Futsal \u0130l Birincili\u011fi m\u00fcsabakalar\u0131na kat\u0131lan K\u00f6yce\u011fiz Toparlar Ortaokulu b\u00fcy\u00fck bir ba\u015far\u0131ya imza atarak ikinci olmay\u0131 ba\u015fard\u0131. K\u00f6yce\u011fiz Toparlar Ortaokulu\u2019nun sosyal medya hesab\u0131ndan yap\u0131lan payla\u015f\u0131mda, &#8220;Mu\u011fla\u2019da ba\u015far\u0131 elde eden \u00f6\u011frencileri tebrik&#8230;<\/p>\n","protected":false},"author":1,"featured_media":94255,"comment_status":"open","ping_status":"open","sticky":false,"template":"","format":"standard","meta":{"_crdt_document":"","footnotes":""},"categories":[4],"tags":[],"class_list":["post-94254","post","type-post","status-publish","format-standard","has-post-thumbnail","hentry","category-spor"],"_links":{"self":[{"href":"https:\/\/www.egemtv.com\/index.php?rest_route=\/wp\/v2\/posts\/94254","targetHints":{"allow":["GET"]}}],"collection":[{"href":"https:\/\/www.egemtv.com\/index.php?rest_route=\/wp\/v2\/posts"}],"about":[{"href":"https:\/\/www.egemtv.com\/index.php?rest_route=\/wp\/v2\/types\/post"}],"author":[{"embeddable":true,"href":"https:\/\/www.egemtv.com\/index.php?rest_route=\/wp\/v2\/users\/1"}],"replies":[{"embeddable":true,"href":"https:\/\/www.egemtv.com\/index.php?rest_route=%2Fwp%2Fv2%2Fcomments&post=94254"}],"version-history":[{"count":1,"href":"https:\/\/www.egemtv.com\/index.php?rest_route=\/wp\/v2\/posts\/94254\/revisions"}],"predecessor-version":[{"id":94256,"href":"https:\/\/www.egemtv.com\/index.php?rest_route=\/wp\/v2\/posts\/94254\/revisions\/94256"}],"wp:featuredmedia":[{"embeddable":true,"href":"https:\/\/www.egemtv.com\/index.php?rest_route=\/wp\/v2\/media\/94255"}],"wp:attachment":[{"href":"https:\/\/www.egemtv.com\/index.php?rest_route=%2Fwp%2Fv2%2Fmedia&parent=94254"}],"wp:term":[{"taxonomy":"category","embeddable":true,"href":"https:\/\/www.egemtv.com\/index.php?rest_route=%2Fwp%2Fv2%2Fcategories&post=94254"},{"taxonomy":"post_tag","embeddable":true,"href":"https:\/\/www.egemtv.com\/index.php?rest_route=%2Fwp%2Fv2%2Ftags&post=94254"}],"curies":[{"name":"wp","href":"https:\/\/api.w.org\/{rel}","templated":true}]}}