{"id":94251,"date":"2026-03-15T11:55:38","date_gmt":"2026-03-15T08:55:38","guid":{"rendered":"https:\/\/www.egemtv.com\/?p=94251"},"modified":"2026-03-15T11:55:39","modified_gmt":"2026-03-15T08:55:39","slug":"germencik-kaymakami-dogrudan-saglik-calisanlarina-tesekkur","status":"publish","type":"post","link":"https:\/\/www.egemtv.com\/?p=94251","title":{"rendered":"Germencik Kaymakam\u0131 Do\u011fru\u2019dan sa\u011fl\u0131k \u00e7al\u0131\u015fanlar\u0131na te\u015fekk\u00fcr"},"content":{"rendered":"<p>Ayd\u0131n\u2019\u0131n Germencik il\u00e7esinde 14 Mart T\u0131p Bayram\u0131 dolay\u0131s\u0131yla Germencik Devlet Hastanesi Ba\u015fhekimi Dr. Ferdi G\u00fcne\u015f ve Germencik \u0130l\u00e7e Sa\u011fl\u0131k M\u00fcd\u00fcr\u00fc Uzm. Dr. H\u00fcseyin Zafer Alkaya, Germencik Kaymakam\u0131 Sultan Do\u011fru ile bir araya geldi.<\/p>\n<p>Kaymakaml\u0131k makam\u0131nda ger\u00e7ekle\u015fen ziyarette sa\u011fl\u0131k hizmetlerinin \u00f6nemi ve sa\u011fl\u0131k \u00e7al\u0131\u015fanlar\u0131n\u0131n toplum i\u00e7in \u00fcstlendi\u011fi kritik rol ele al\u0131nd\u0131. \u0130l\u00e7ede y\u00fcr\u00fct\u00fclen sa\u011fl\u0131k hizmetleri ve sa\u011fl\u0131k \u00e7al\u0131\u015fanlar\u0131n\u0131n \u00f6zverili \u00e7al\u0131\u015fmalar\u0131 \u00fczerine de\u011ferlendirmelerde bulunuldu. Kaymakam Sultan Do\u011fru, sa\u011fl\u0131k \u00e7al\u0131\u015fanlar\u0131n\u0131n her \u015fartta fedakarca g\u00f6rev yapt\u0131\u011f\u0131n\u0131 belirterek toplum sa\u011fl\u0131\u011f\u0131n\u0131n korunmas\u0131nda b\u00fcy\u00fck bir sorumluluk \u00fcstlendiklerini ifade etti. Sa\u011fl\u0131k alan\u0131nda g\u00f6rev yapan t\u00fcm personelin b\u00fcy\u00fck bir \u00f6zveriyle \u00e7al\u0131\u015ft\u0131\u011f\u0131n\u0131 vurgulayan Do\u011fru, \u00f6zellikle zor \u015fartlarda dahi g\u00f6revlerini aksatmadan s\u00fcrd\u00fcren sa\u011fl\u0131k \u00e7al\u0131\u015fanlar\u0131n\u0131n takdiri hak etti\u011fini dile getirdi. Toplum sa\u011fl\u0131\u011f\u0131n\u0131n korunmas\u0131 ve geli\u015ftirilmesinde sa\u011fl\u0131k \u00e7al\u0131\u015fanlar\u0131n\u0131n b\u00fcy\u00fck emek verdi\u011fini belirten Kaymakam Do\u011fru, vatanda\u015flar\u0131n sa\u011fl\u0131\u011f\u0131 i\u00e7in gece g\u00fcnd\u00fcz demeden g\u00f6rev yapan t\u00fcm sa\u011fl\u0131k \u00e7al\u0131\u015fanlar\u0131na te\u015fekk\u00fcr etti. Do\u011fru, 14 Mart T\u0131p Bayram\u0131 dolay\u0131s\u0131yla yapt\u0131\u011f\u0131 de\u011ferlendirmede t\u00fcm sa\u011fl\u0131k \u00e7al\u0131\u015fanlar\u0131n\u0131n bu \u00f6zel g\u00fcn\u00fcn\u00fc kutlayarak g\u00f6revlerinde ba\u015far\u0131lar ve kolayl\u0131klar diledi.<br \/><\/p>\n","protected":false},"excerpt":{"rendered":"<p>Ayd\u0131n\u2019\u0131n Germencik il\u00e7esinde 14 Mart T\u0131p Bayram\u0131 dolay\u0131s\u0131yla Germencik Devlet Hastanesi Ba\u015fhekimi Dr. Ferdi G\u00fcne\u015f ve Germencik \u0130l\u00e7e Sa\u011fl\u0131k M\u00fcd\u00fcr\u00fc Uzm. Dr. H\u00fcseyin Zafer Alkaya, Germencik Kaymakam\u0131 Sultan Do\u011fru ile bir araya geldi. Kaymakaml\u0131k makam\u0131nda ger\u00e7ekle\u015fen ziyarette sa\u011fl\u0131k hizmetlerinin \u00f6nemi ve sa\u011fl\u0131k \u00e7al\u0131\u015fanlar\u0131n\u0131n toplum i\u00e7in \u00fcstlendi\u011fi kritik rol ele al\u0131nd\u0131. \u0130l\u00e7ede y\u00fcr\u00fct\u00fclen sa\u011fl\u0131k hizmetleri ve&#8230;<\/p>\n","protected":false},"author":1,"featured_media":94252,"comment_status":"open","ping_status":"open","sticky":false,"template":"","format":"standard","meta":{"_crdt_document":"","footnotes":""},"categories":[1],"tags":[],"class_list":["post-94251","post","type-post","status-publish","format-standard","has-post-thumbnail","hentry","category-guncel"],"_links":{"self":[{"href":"https:\/\/www.egemtv.com\/index.php?rest_route=\/wp\/v2\/posts\/94251","targetHints":{"allow":["GET"]}}],"collection":[{"href":"https:\/\/www.egemtv.com\/index.php?rest_route=\/wp\/v2\/posts"}],"about":[{"href":"https:\/\/www.egemtv.com\/index.php?rest_route=\/wp\/v2\/types\/post"}],"author":[{"embeddable":true,"href":"https:\/\/www.egemtv.com\/index.php?rest_route=\/wp\/v2\/users\/1"}],"replies":[{"embeddable":true,"href":"https:\/\/www.egemtv.com\/index.php?rest_route=%2Fwp%2Fv2%2Fcomments&post=94251"}],"version-history":[{"count":1,"href":"https:\/\/www.egemtv.com\/index.php?rest_route=\/wp\/v2\/posts\/94251\/revisions"}],"predecessor-version":[{"id":94253,"href":"https:\/\/www.egemtv.com\/index.php?rest_route=\/wp\/v2\/posts\/94251\/revisions\/94253"}],"wp:featuredmedia":[{"embeddable":true,"href":"https:\/\/www.egemtv.com\/index.php?rest_route=\/wp\/v2\/media\/94252"}],"wp:attachment":[{"href":"https:\/\/www.egemtv.com\/index.php?rest_route=%2Fwp%2Fv2%2Fmedia&parent=94251"}],"wp:term":[{"taxonomy":"category","embeddable":true,"href":"https:\/\/www.egemtv.com\/index.php?rest_route=%2Fwp%2Fv2%2Fcategories&post=94251"},{"taxonomy":"post_tag","embeddable":true,"href":"https:\/\/www.egemtv.com\/index.php?rest_route=%2Fwp%2Fv2%2Ftags&post=94251"}],"curies":[{"name":"wp","href":"https:\/\/api.w.org\/{rel}","templated":true}]}}