{"id":94245,"date":"2026-03-15T11:34:42","date_gmt":"2026-03-15T08:34:42","guid":{"rendered":"https:\/\/www.egemtv.com\/?p=94245"},"modified":"2026-03-15T11:34:43","modified_gmt":"2026-03-15T08:34:43","slug":"koycegiz-kaymakami-kumcu-saglik-calisanlarinin-tip-bayramini-kutladi","status":"publish","type":"post","link":"https:\/\/www.egemtv.com\/?p=94245","title":{"rendered":"K\u00f6yce\u011fiz Kaymakam\u0131 Kumcu, sa\u011fl\u0131k \u00e7al\u0131\u015fanlar\u0131n\u0131n T\u0131p Bayram\u0131\u2019n\u0131 kutlad\u0131"},"content":{"rendered":"<p>Mu\u011fla\u2019n\u0131n K\u00f6yce\u011fiz il\u00e7esinde Kaymakam Mert Kumcu, \u201914 Mart T\u0131p Bayram\u0131\u2019 kapsam\u0131nda sa\u011fl\u0131k kurulu\u015flar\u0131n\u0131 ziyaret ederek sa\u011fl\u0131k \u00e7al\u0131\u015fanlar\u0131n\u0131n T\u0131p Bayram\u0131\u2019n\u0131 kutlad\u0131.<\/p>\n<p>Kaymakam\u0131 Mert Kumcu, ilk olarak \u201914 Mart T\u0131p Bayram\u0131\u2019 dolay\u0131s\u0131yla; K\u00f6yce\u011fiz Devlet Hastanesini ziyaret ederek, sa\u011fl\u0131k \u00e7al\u0131\u015fanlar\u0131n\u0131n T\u0131p Bayram\u0131n\u0131 kutlad\u0131. Kaymakam Kumcu, sa\u011fl\u0131k \u00e7al\u0131\u015fanlar\u0131n\u0131n ismine \u00f6zel yapt\u0131r\u0131lan bardaklar\u0131 hediye ederek hizmetlerinden dolay\u0131 te\u015fekk\u00fcr etti. Kaymakam Kumcu, sa\u011fl\u0131k \u00e7al\u0131\u015fanlar\u0131 ile bir s\u00fcre sohbet etti ve hastanede yap\u0131lan \u00e7al\u0131\u015fmalar hakk\u0131nda bilgi ald\u0131. K\u00f6yce\u011fiz Kaymakam\u0131 Mert Kumcu, hastane ziyaretinden sonra \u201914 Mart T\u0131p Bayram\u0131\u2019 dolay\u0131s\u0131yla; K\u00f6yce\u011fiz \u0130l\u00e7e Sa\u011fl\u0131k M\u00fcd\u00fcrl\u00fc\u011f\u00fc, 112 Acil Sa\u011fl\u0131k Hizmetleri \u0130stasyonu, 1 Nolu Aile Sa\u011fl\u0131k Merkezi ve 2 Nolu Toparlar Aile Sa\u011fl\u0131\u011f\u0131 Merkezini de ziyaret ederek hediyelerini takdim edip g\u00fcnlerini kutlad\u0131. Sa\u011fl\u0131k \u00e7al\u0131\u015fanlar\u0131 da Kaymakam Mert Kumcu\u2019nun ziyaretinden dolay\u0131 memnuniyetlerini belirterek te\u015fekk\u00fcr etti.<br \/><\/p>\n","protected":false},"excerpt":{"rendered":"<p>Mu\u011fla\u2019n\u0131n K\u00f6yce\u011fiz il\u00e7esinde Kaymakam Mert Kumcu, \u201914 Mart T\u0131p Bayram\u0131\u2019 kapsam\u0131nda sa\u011fl\u0131k kurulu\u015flar\u0131n\u0131 ziyaret ederek sa\u011fl\u0131k \u00e7al\u0131\u015fanlar\u0131n\u0131n T\u0131p Bayram\u0131\u2019n\u0131 kutlad\u0131. Kaymakam\u0131 Mert Kumcu, ilk olarak \u201914 Mart T\u0131p Bayram\u0131\u2019 dolay\u0131s\u0131yla; K\u00f6yce\u011fiz Devlet Hastanesini ziyaret ederek, sa\u011fl\u0131k \u00e7al\u0131\u015fanlar\u0131n\u0131n T\u0131p Bayram\u0131n\u0131 kutlad\u0131. Kaymakam Kumcu, sa\u011fl\u0131k \u00e7al\u0131\u015fanlar\u0131n\u0131n ismine \u00f6zel yapt\u0131r\u0131lan bardaklar\u0131 hediye ederek hizmetlerinden dolay\u0131 te\u015fekk\u00fcr etti. Kaymakam&#8230;<\/p>\n","protected":false},"author":1,"featured_media":94246,"comment_status":"open","ping_status":"open","sticky":false,"template":"","format":"standard","meta":{"_crdt_document":"","footnotes":""},"categories":[1],"tags":[],"class_list":["post-94245","post","type-post","status-publish","format-standard","has-post-thumbnail","hentry","category-guncel"],"_links":{"self":[{"href":"https:\/\/www.egemtv.com\/index.php?rest_route=\/wp\/v2\/posts\/94245","targetHints":{"allow":["GET"]}}],"collection":[{"href":"https:\/\/www.egemtv.com\/index.php?rest_route=\/wp\/v2\/posts"}],"about":[{"href":"https:\/\/www.egemtv.com\/index.php?rest_route=\/wp\/v2\/types\/post"}],"author":[{"embeddable":true,"href":"https:\/\/www.egemtv.com\/index.php?rest_route=\/wp\/v2\/users\/1"}],"replies":[{"embeddable":true,"href":"https:\/\/www.egemtv.com\/index.php?rest_route=%2Fwp%2Fv2%2Fcomments&post=94245"}],"version-history":[{"count":1,"href":"https:\/\/www.egemtv.com\/index.php?rest_route=\/wp\/v2\/posts\/94245\/revisions"}],"predecessor-version":[{"id":94247,"href":"https:\/\/www.egemtv.com\/index.php?rest_route=\/wp\/v2\/posts\/94245\/revisions\/94247"}],"wp:featuredmedia":[{"embeddable":true,"href":"https:\/\/www.egemtv.com\/index.php?rest_route=\/wp\/v2\/media\/94246"}],"wp:attachment":[{"href":"https:\/\/www.egemtv.com\/index.php?rest_route=%2Fwp%2Fv2%2Fmedia&parent=94245"}],"wp:term":[{"taxonomy":"category","embeddable":true,"href":"https:\/\/www.egemtv.com\/index.php?rest_route=%2Fwp%2Fv2%2Fcategories&post=94245"},{"taxonomy":"post_tag","embeddable":true,"href":"https:\/\/www.egemtv.com\/index.php?rest_route=%2Fwp%2Fv2%2Ftags&post=94245"}],"curies":[{"name":"wp","href":"https:\/\/api.w.org\/{rel}","templated":true}]}}