{"id":94242,"date":"2026-03-15T11:34:41","date_gmt":"2026-03-15T08:34:41","guid":{"rendered":"https:\/\/www.egemtv.com\/?p=94242"},"modified":"2026-03-15T11:34:42","modified_gmt":"2026-03-15T08:34:42","slug":"goztepenin-galibiyet-hasreti-suruyor","status":"publish","type":"post","link":"https:\/\/www.egemtv.com\/?p=94242","title":{"rendered":"G\u00f6ztepe\u2019nin galibiyet hasreti s\u00fcr\u00fcyor"},"content":{"rendered":"<p>G\u00f6ztepe, Trendyol S\u00fcper Lig\u2019de oynad\u0131\u011f\u0131 son 6 kar\u015f\u0131la\u015fmada 4 beraberlik ve 2 ma\u011flubiyet alarak bu s\u00fcre\u00e7te galibiyete hasret kald\u0131.<br \/>\n<br \/>Sezona etkili bir ba\u015flang\u0131\u00e7 yapan G\u00f6ztepe\u2019de son haftalarda ya\u015fanan d\u00fc\u015f\u00fc\u015f dikkat \u00e7ekiyor. Sar\u0131-k\u0131rm\u0131z\u0131l\u0131 ekip, sezonun ilk 20 haftas\u0131nda ba\u015far\u0131l\u0131 sonu\u00e7lara imza atarak 11 galibiyet, 6 beraberlik ve 3 ma\u011flubiyet ald\u0131 ve uzun s\u00fcre Avrupa kupalar\u0131na gitme hakk\u0131 elde edilen 4. s\u0131rada yer ald\u0131. Ancak 21. haftada deplasmanda Konyaspor ile oynanan ve gols\u00fcz sona eren kar\u015f\u0131la\u015fman\u0131n ard\u0131ndan \u0130zmir temsilcisinde form d\u00fc\u015f\u00fc\u015f ba\u015flad\u0131. Bu ma\u00e7\u0131n ard\u0131ndan i\u00e7 sahada Kayserispor ile de 0-0 berabere kalan sar\u0131-k\u0131rm\u0131z\u0131l\u0131lar, k\u00f6t\u00fc gidi\u015fat\u0131n ilk yenilgisini ise sonraki hafta deplasmanda Be\u015fikta\u015f kar\u015f\u0131s\u0131nda 4-0\u2019l\u0131k skorla ald\u0131.<br \/>\n<br \/>Bu ma\u011flubiyetin ard\u0131ndan yeniden \u00e7\u0131k\u0131\u015f yakalamak isteyen Teknik Direkt\u00f6r Stanimir Stoilov y\u00f6netimindeki sar\u0131-k\u0131rm\u0131z\u0131l\u0131lar, 24. haftada i\u00e7 sahada Ey\u00fcpspor kar\u015f\u0131s\u0131nda galibiyet arad\u0131. Ancak bu m\u00fccadele de gols\u00fcz e\u015fitlikle sonu\u00e7land\u0131. \u0130zmir ekibi daha sonra Avrupa hatt\u0131ndaki do\u011frudan rakiplerinden Ba\u015fak\u015fehir ile deplasmanda kar\u015f\u0131la\u015ft\u0131 ve sahadan 2-1 ma\u011flup ayr\u0131larak 6. s\u0131raya geriledi. B\u00f6ylece G\u00f6ztepe, \u00fcst \u00fcste 5 ma\u00e7 kazanamayarak hedefinden uzakla\u015fmaya ba\u015flad\u0131.<br \/>\n<br \/>Son olarak d\u00fcn sahas\u0131nda Alanyaspor ile kar\u015f\u0131la\u015fan sar\u0131-k\u0131rm\u0131z\u0131l\u0131lar, uzatma dakikalar\u0131nda yedikleri golle sahadan 2-2\u2019lik beraberlikle ayr\u0131ld\u0131 ve galibiyet hasreti 6 ma\u00e7a \u00e7\u0131kt\u0131. \u0130zmir temsilcisi, ayn\u0131 haftada Ba\u015fak\u015fehir\u2019in puan kaybetmesini f\u0131rsata \u00e7evirerek hanesine yazd\u0131rd\u0131\u011f\u0131 1 puanla yeniden 5. s\u0131raya y\u00fckseldi.<br \/>\n<br \/>Galatasaray\u2019\u0131n UEFA \u015eampiyonlar Ligi\u2019nde oynayaca\u011f\u0131 kar\u015f\u0131la\u015fma nedeniyle iki sar\u0131-k\u0131rm\u0131z\u0131l\u0131 tak\u0131m\u0131n ligdeki m\u00fccadelesi ertelenirken, sonras\u0131ndaki milli ma\u00e7 aras\u0131yla birlikte \u0130zmir ekibi bu s\u00fcre\u00e7te yapaca\u011f\u0131 antrenmanlarla ara sonras\u0131 k\u00f6t\u00fc gidi\u015fat\u0131 sonland\u0131rmay\u0131 hedefliyor.<br \/><\/p>\n","protected":false},"excerpt":{"rendered":"<p>G\u00f6ztepe, Trendyol S\u00fcper Lig\u2019de oynad\u0131\u011f\u0131 son 6 kar\u015f\u0131la\u015fmada 4 beraberlik ve 2 ma\u011flubiyet alarak bu s\u00fcre\u00e7te galibiyete hasret kald\u0131. Sezona etkili bir ba\u015flang\u0131\u00e7 yapan G\u00f6ztepe\u2019de son haftalarda ya\u015fanan d\u00fc\u015f\u00fc\u015f dikkat \u00e7ekiyor. Sar\u0131-k\u0131rm\u0131z\u0131l\u0131 ekip, sezonun ilk 20 haftas\u0131nda ba\u015far\u0131l\u0131 sonu\u00e7lara imza atarak 11 galibiyet, 6 beraberlik ve 3 ma\u011flubiyet ald\u0131 ve uzun s\u00fcre Avrupa kupalar\u0131na gitme&#8230;<\/p>\n","protected":false},"author":1,"featured_media":94243,"comment_status":"open","ping_status":"open","sticky":false,"template":"","format":"standard","meta":{"_crdt_document":"","footnotes":""},"categories":[4],"tags":[],"class_list":["post-94242","post","type-post","status-publish","format-standard","has-post-thumbnail","hentry","category-spor"],"_links":{"self":[{"href":"https:\/\/www.egemtv.com\/index.php?rest_route=\/wp\/v2\/posts\/94242","targetHints":{"allow":["GET"]}}],"collection":[{"href":"https:\/\/www.egemtv.com\/index.php?rest_route=\/wp\/v2\/posts"}],"about":[{"href":"https:\/\/www.egemtv.com\/index.php?rest_route=\/wp\/v2\/types\/post"}],"author":[{"embeddable":true,"href":"https:\/\/www.egemtv.com\/index.php?rest_route=\/wp\/v2\/users\/1"}],"replies":[{"embeddable":true,"href":"https:\/\/www.egemtv.com\/index.php?rest_route=%2Fwp%2Fv2%2Fcomments&post=94242"}],"version-history":[{"count":1,"href":"https:\/\/www.egemtv.com\/index.php?rest_route=\/wp\/v2\/posts\/94242\/revisions"}],"predecessor-version":[{"id":94244,"href":"https:\/\/www.egemtv.com\/index.php?rest_route=\/wp\/v2\/posts\/94242\/revisions\/94244"}],"wp:featuredmedia":[{"embeddable":true,"href":"https:\/\/www.egemtv.com\/index.php?rest_route=\/wp\/v2\/media\/94243"}],"wp:attachment":[{"href":"https:\/\/www.egemtv.com\/index.php?rest_route=%2Fwp%2Fv2%2Fmedia&parent=94242"}],"wp:term":[{"taxonomy":"category","embeddable":true,"href":"https:\/\/www.egemtv.com\/index.php?rest_route=%2Fwp%2Fv2%2Fcategories&post=94242"},{"taxonomy":"post_tag","embeddable":true,"href":"https:\/\/www.egemtv.com\/index.php?rest_route=%2Fwp%2Fv2%2Ftags&post=94242"}],"curies":[{"name":"wp","href":"https:\/\/api.w.org\/{rel}","templated":true}]}}