{"id":94239,"date":"2026-03-15T11:34:40","date_gmt":"2026-03-15T08:34:40","guid":{"rendered":"https:\/\/www.egemtv.com\/?p=94239"},"modified":"2026-03-15T11:34:41","modified_gmt":"2026-03-15T08:34:41","slug":"didim-belediyesinden-saglik-calisanlarina-anlamli-jest","status":"publish","type":"post","link":"https:\/\/www.egemtv.com\/?p=94239","title":{"rendered":"Didim Belediyesi\u2019nden sa\u011fl\u0131k \u00e7al\u0131\u015fanlar\u0131na anlaml\u0131 jest"},"content":{"rendered":"<p>Didim Belediyesi taraf\u0131ndan 14 Mart T\u0131p Bayram\u0131 kapsam\u0131nda Didim Devlet Hastanesi\u2019nde g\u00f6rev yapan doktorlar ve sa\u011fl\u0131k \u00e7al\u0131\u015fanlar\u0131n\u0131n g\u00fcn\u00fc kutland\u0131. Ger\u00e7ekle\u015ftirilen ziyarette sa\u011fl\u0131k \u00e7al\u0131\u015fanlar\u0131n\u0131n \u00f6zverili \u00e7al\u0131\u015fmalar\u0131na dikkat \u00e7ekilerek emekleri i\u00e7in te\u015fekk\u00fcr edildi.<\/p>\n<p>Didim Belediyesi taraf\u0131ndan ger\u00e7ekle\u015ftirilen ziyarette, toplum sa\u011fl\u0131\u011f\u0131 i\u00e7in fedak\u00e2rca g\u00f6rev yapan hekimlere ve sa\u011fl\u0131k \u00e7al\u0131\u015fanlar\u0131na 14 Mart T\u0131p Bayram\u0131 dolay\u0131s\u0131yla \u00e7i\u00e7ek takdim edildi. Sa\u011fl\u0131k emek\u00e7ilerinin g\u00fcn\u00fcn\u00fc kutlayan belediye temsilcileri, sa\u011fl\u0131k \u00e7al\u0131\u015fanlar\u0131n\u0131n insan hayat\u0131n\u0131 korumak ad\u0131na b\u00fcy\u00fck bir \u00f6zveriyle g\u00f6rev yapt\u0131\u011f\u0131n\u0131 vurgulad\u0131. Didim Belediye Ba\u015fkan\u0131 Hatice Gen\u00e7ay, 14 Mart T\u0131p Bayram\u0131 dolay\u0131s\u0131yla yapt\u0131\u011f\u0131 a\u00e7\u0131klamada, &#8220;Toplum sa\u011fl\u0131\u011f\u0131 i\u00e7in b\u00fcy\u00fck bir \u00f6zveriyle \u00e7al\u0131\u015fan, gece g\u00fcnd\u00fcz demeden insan hayat\u0131n\u0131 korumak i\u00e7in emek veren t\u00fcm hekimlerimizin ve sa\u011fl\u0131k \u00e7al\u0131\u015fanlar\u0131m\u0131z\u0131n 14 Mart T\u0131p Bayram\u0131\u2019n\u0131 kutluyorum. Sa\u011fl\u0131\u011f\u0131m\u0131z i\u00e7in fedakarca g\u00f6rev yapan t\u00fcm sa\u011fl\u0131k emek\u00e7ilerimize te\u015fekk\u00fcr ediyorum&#8221; ifadelerini kulland\u0131.<br \/><\/p>\n","protected":false},"excerpt":{"rendered":"<p>Didim Belediyesi taraf\u0131ndan 14 Mart T\u0131p Bayram\u0131 kapsam\u0131nda Didim Devlet Hastanesi\u2019nde g\u00f6rev yapan doktorlar ve sa\u011fl\u0131k \u00e7al\u0131\u015fanlar\u0131n\u0131n g\u00fcn\u00fc kutland\u0131. Ger\u00e7ekle\u015ftirilen ziyarette sa\u011fl\u0131k \u00e7al\u0131\u015fanlar\u0131n\u0131n \u00f6zverili \u00e7al\u0131\u015fmalar\u0131na dikkat \u00e7ekilerek emekleri i\u00e7in te\u015fekk\u00fcr edildi. Didim Belediyesi taraf\u0131ndan ger\u00e7ekle\u015ftirilen ziyarette, toplum sa\u011fl\u0131\u011f\u0131 i\u00e7in fedak\u00e2rca g\u00f6rev yapan hekimlere ve sa\u011fl\u0131k \u00e7al\u0131\u015fanlar\u0131na 14 Mart T\u0131p Bayram\u0131 dolay\u0131s\u0131yla \u00e7i\u00e7ek takdim edildi. Sa\u011fl\u0131k&#8230;<\/p>\n","protected":false},"author":1,"featured_media":94240,"comment_status":"open","ping_status":"open","sticky":false,"template":"","format":"standard","meta":{"_crdt_document":"","footnotes":""},"categories":[1],"tags":[],"class_list":["post-94239","post","type-post","status-publish","format-standard","has-post-thumbnail","hentry","category-guncel"],"_links":{"self":[{"href":"https:\/\/www.egemtv.com\/index.php?rest_route=\/wp\/v2\/posts\/94239","targetHints":{"allow":["GET"]}}],"collection":[{"href":"https:\/\/www.egemtv.com\/index.php?rest_route=\/wp\/v2\/posts"}],"about":[{"href":"https:\/\/www.egemtv.com\/index.php?rest_route=\/wp\/v2\/types\/post"}],"author":[{"embeddable":true,"href":"https:\/\/www.egemtv.com\/index.php?rest_route=\/wp\/v2\/users\/1"}],"replies":[{"embeddable":true,"href":"https:\/\/www.egemtv.com\/index.php?rest_route=%2Fwp%2Fv2%2Fcomments&post=94239"}],"version-history":[{"count":1,"href":"https:\/\/www.egemtv.com\/index.php?rest_route=\/wp\/v2\/posts\/94239\/revisions"}],"predecessor-version":[{"id":94241,"href":"https:\/\/www.egemtv.com\/index.php?rest_route=\/wp\/v2\/posts\/94239\/revisions\/94241"}],"wp:featuredmedia":[{"embeddable":true,"href":"https:\/\/www.egemtv.com\/index.php?rest_route=\/wp\/v2\/media\/94240"}],"wp:attachment":[{"href":"https:\/\/www.egemtv.com\/index.php?rest_route=%2Fwp%2Fv2%2Fmedia&parent=94239"}],"wp:term":[{"taxonomy":"category","embeddable":true,"href":"https:\/\/www.egemtv.com\/index.php?rest_route=%2Fwp%2Fv2%2Fcategories&post=94239"},{"taxonomy":"post_tag","embeddable":true,"href":"https:\/\/www.egemtv.com\/index.php?rest_route=%2Fwp%2Fv2%2Ftags&post=94239"}],"curies":[{"name":"wp","href":"https:\/\/api.w.org\/{rel}","templated":true}]}}