{"id":94236,"date":"2026-03-15T11:15:47","date_gmt":"2026-03-15T08:15:47","guid":{"rendered":"https:\/\/www.egemtv.com\/?p=94236"},"modified":"2026-03-15T11:15:47","modified_gmt":"2026-03-15T08:15:47","slug":"iki-kardesten-uzum-fidaninda-buyuk-basari","status":"publish","type":"post","link":"https:\/\/www.egemtv.com\/?p=94236","title":{"rendered":"\u0130ki karde\u015ften \u00fcz\u00fcm fidan\u0131nda b\u00fcy\u00fck ba\u015far\u0131"},"content":{"rendered":"<p>Manisa\u2019n\u0131n Sar\u0131g\u00f6l il\u00e7esinde iki giri\u015fimci karde\u015f taraf\u0131ndan kurulan \u00fcz\u00fcm ve meyve fidan\u0131 \u00fcretim alan\u0131, k\u0131sa s\u00fcrede Ege B\u00f6lgesi\u2019nin \u00f6nemli fidan tedarik noktalar\u0131ndan biri haline geldi. Ge\u00e7en y\u0131l 140 bin k\u00f6k \u00fcretim yapan karde\u015fler, bu y\u0131l hedeflerini 700 bin k\u00f6k \u00fcz\u00fcm fidan\u0131na \u00e7\u0131kard\u0131.<br \/>\n<br \/>Sar\u0131g\u00f6l\u2019de iki giri\u015fimci karde\u015fin kurdu\u011fu fidan \u00fcretim alan\u0131nda 25 \u00e7e\u015fit \u00fcz\u00fcm fidan\u0131 yeti\u015ftiriliyor. Ge\u00e7en y\u0131l 140 bin k\u00f6k \u00fcretim yapan karde\u015fler, bu y\u0131l 700 bin k\u00f6k hedefiyle \u00fcretimi b\u00fcy\u00fct\u00fcrken y\u00fczlerce kad\u0131na da istihdam sa\u011fl\u0131yor.<br \/>\n<br \/>Sar\u0131g\u00f6l il\u00e7esine ba\u011fl\u0131 Ahmeta\u011fa Mahallesi\u2019nde giri\u015fimci karde\u015fler Ahmet ve Ayta\u00e7 \u00dcnl\u00fcko\u00e7 taraf\u0131ndan kurulan \u00fcz\u00fcm ve meyve fidan\u0131 \u00fcretim alan\u0131nda \u00e7al\u0131\u015fmalar h\u0131z kesmeden s\u00fcr\u00fcyor. Ege B\u00f6lgesi ba\u015fta olmak \u00fczere bir\u00e7ok il ve il\u00e7eye g\u00f6nderilen fidanlar, t\u00fcpl\u00fc ve a\u00e7\u0131k k\u00f6kl\u00fc olarak yeti\u015ftirilerek \u00fcreticilerle bulu\u015fturuluyor.<br \/>\n<br \/>Ahmeta\u011fa Mahallesi\u2019nde yakla\u015f\u0131k 30 dekarl\u0131k alanda ger\u00e7ekle\u015ftirilen \u00fcretimin iki d\u00f6n\u00fcml\u00fck b\u00f6l\u00fcm\u00fcnde t\u00fcpl\u00fc \u00fcz\u00fcm fidanlar\u0131 t\u00fcl \u00f6rt\u00fc alt\u0131nda korunarak yeti\u015ftiriliyor. Alan\u0131n geri kalan k\u0131sm\u0131nda ise a\u00e7\u0131k alanda \u00fcz\u00fcm ve \u00e7e\u015fitli meyve fidanlar\u0131n\u0131n \u00fcretimi yap\u0131l\u0131yor.<br \/>\n<br \/>Fidan \u00fcretiminde g\u00f6rev alan karde\u015flerden Ahmet \u00dcnl\u00fcko\u00e7 ziraat m\u00fchendisi olarak \u00fcretim a\u015famas\u0131n\u0131 y\u00fcr\u00fct\u00fcrken, Ayta\u00e7 \u00dcnl\u00fcko\u00e7 ise fidanlar\u0131n sat\u0131\u015f ve pazarlama s\u00fcre\u00e7leriyle ilgileniyor.<br \/>\n<br \/>\u0130ki y\u0131ld\u0131r bu i\u015fi b\u00fcy\u00fck bir heyecanla yapt\u0131klar\u0131n\u0131 belirten Ayta\u00e7 \u00dcnl\u00fcko\u00e7, &#8220;Karde\u015fimle birlikte bu i\u015fi severek yap\u0131yoruz. Ge\u00e7ti\u011fimiz y\u0131l 25 \u00e7e\u015fit \u00fcz\u00fcm fidan\u0131ndan 140 bin k\u00f6k \u00fcretim ger\u00e7ekle\u015ftirdik. Bu y\u0131l hedefimizi 700 bin k\u00f6ke \u00e7\u0131kard\u0131k. Ege B\u00f6lgesi ba\u015fta olmak \u00fczere farkl\u0131 b\u00f6lgelere de fidan g\u00f6nderiyoruz. Sadece \u00fcz\u00fcm de\u011fil, zeytin ve \u00e7e\u015fitli meyve fidanlar\u0131 da yeti\u015ftiriyoruz.&#8221; dedi.<br \/>\n<br \/>Bu y\u0131l \u00fcretimi b\u00fcy\u00fctt\u00fcklerini ifade eden \u00dcnl\u00fcko\u00e7, &#8220;\u0130ki d\u00f6n\u00fcml\u00fck alanda t\u00fcpl\u00fc olarak yakla\u015f\u0131k 250 bin adet \u00fcz\u00fcm fidan\u0131 yeti\u015ftiriyoruz. T\u00fcpl\u00fc \u00fcretim yap\u0131lan alan t\u00fcl file ile korunuyor. G\u00fcnl\u00fck ortalama 39 kad\u0131n i\u015f\u00e7i \u00e7al\u0131\u015f\u0131yor. Bir ay i\u00e7erisinde toplamda yakla\u015f\u0131k 800 kad\u0131n i\u015f\u00e7i bu \u00fcretimde g\u00f6rev alarak t\u00fcpl\u00fc fidanlar\u0131n haz\u0131rlanmas\u0131na katk\u0131 sa\u011fl\u0131yor.&#8221; diye konu\u015ftu.<br \/>\n<br \/>Ahmeta\u011fa Mahallesi\u2019nde ger\u00e7ekle\u015ftirilen bu \u00fcretimin b\u00f6lgeye ekonomik hareketlilik getirdi\u011fini belirten mahalle sakinleri ise iki giri\u015fimci karde\u015fin hem \u00fcretime hem de istihdama \u00f6nemli katk\u0131 sa\u011flad\u0131\u011f\u0131n\u0131 ifade etti.<br \/><\/p>\n","protected":false},"excerpt":{"rendered":"<p>Manisa\u2019n\u0131n Sar\u0131g\u00f6l il\u00e7esinde iki giri\u015fimci karde\u015f taraf\u0131ndan kurulan \u00fcz\u00fcm ve meyve fidan\u0131 \u00fcretim alan\u0131, k\u0131sa s\u00fcrede Ege B\u00f6lgesi\u2019nin \u00f6nemli fidan tedarik noktalar\u0131ndan biri haline geldi. Ge\u00e7en y\u0131l 140 bin k\u00f6k \u00fcretim yapan karde\u015fler, bu y\u0131l hedeflerini 700 bin k\u00f6k \u00fcz\u00fcm fidan\u0131na \u00e7\u0131kard\u0131. Sar\u0131g\u00f6l\u2019de iki giri\u015fimci karde\u015fin kurdu\u011fu fidan \u00fcretim alan\u0131nda 25 \u00e7e\u015fit \u00fcz\u00fcm fidan\u0131 yeti\u015ftiriliyor&#8230;.<\/p>\n","protected":false},"author":1,"featured_media":94237,"comment_status":"open","ping_status":"open","sticky":false,"template":"","format":"standard","meta":{"_crdt_document":"","footnotes":""},"categories":[125],"tags":[],"class_list":["post-94236","post","type-post","status-publish","format-standard","has-post-thumbnail","hentry","category-ekonomi"],"_links":{"self":[{"href":"https:\/\/www.egemtv.com\/index.php?rest_route=\/wp\/v2\/posts\/94236","targetHints":{"allow":["GET"]}}],"collection":[{"href":"https:\/\/www.egemtv.com\/index.php?rest_route=\/wp\/v2\/posts"}],"about":[{"href":"https:\/\/www.egemtv.com\/index.php?rest_route=\/wp\/v2\/types\/post"}],"author":[{"embeddable":true,"href":"https:\/\/www.egemtv.com\/index.php?rest_route=\/wp\/v2\/users\/1"}],"replies":[{"embeddable":true,"href":"https:\/\/www.egemtv.com\/index.php?rest_route=%2Fwp%2Fv2%2Fcomments&post=94236"}],"version-history":[{"count":1,"href":"https:\/\/www.egemtv.com\/index.php?rest_route=\/wp\/v2\/posts\/94236\/revisions"}],"predecessor-version":[{"id":94238,"href":"https:\/\/www.egemtv.com\/index.php?rest_route=\/wp\/v2\/posts\/94236\/revisions\/94238"}],"wp:featuredmedia":[{"embeddable":true,"href":"https:\/\/www.egemtv.com\/index.php?rest_route=\/wp\/v2\/media\/94237"}],"wp:attachment":[{"href":"https:\/\/www.egemtv.com\/index.php?rest_route=%2Fwp%2Fv2%2Fmedia&parent=94236"}],"wp:term":[{"taxonomy":"category","embeddable":true,"href":"https:\/\/www.egemtv.com\/index.php?rest_route=%2Fwp%2Fv2%2Fcategories&post=94236"},{"taxonomy":"post_tag","embeddable":true,"href":"https:\/\/www.egemtv.com\/index.php?rest_route=%2Fwp%2Fv2%2Ftags&post=94236"}],"curies":[{"name":"wp","href":"https:\/\/api.w.org\/{rel}","templated":true}]}}