{"id":94233,"date":"2026-03-15T11:15:45","date_gmt":"2026-03-15T08:15:45","guid":{"rendered":"https:\/\/www.egemtv.com\/?p=94233"},"modified":"2026-03-15T11:15:46","modified_gmt":"2026-03-15T08:15:46","slug":"masa-tenisi-turnuvasinda-birincilik-merkezefendinin","status":"publish","type":"post","link":"https:\/\/www.egemtv.com\/?p=94233","title":{"rendered":"Masa tenisi turnuvas\u0131nda birincilik Merkezefendi\u2019nin"},"content":{"rendered":"<p>Manisa\u2019da 14 Mart T\u0131p Bayram\u0131 kapsam\u0131nda sa\u011fl\u0131k \u00e7al\u0131\u015fanlar\u0131 aras\u0131nda d\u00fczenlenen masa tenisi turnuvas\u0131nda Merkezefendi Devlet Hastanesi birinci oldu.<br \/>\n<br \/>Gen\u00e7lik ve Spor \u0130l M\u00fcd\u00fcrl\u00fc\u011f\u00fc taraf\u0131ndan 14 Mart T\u0131p Bayram\u0131 etkinlikleri kapsam\u0131nda d\u00fczenlenen &#8220;Sa\u011fl\u0131k \u00c7al\u0131\u015fanlar\u0131 Aras\u0131 Masa Tenisi Turnuvas\u0131&#8221; b\u00fcy\u00fck bir heyecana sahne oldu. Manisa\u2019daki sa\u011fl\u0131k kurumlar\u0131n\u0131n k\u0131yas\u0131ya m\u00fccadele etti\u011fi turnuvada \u015fampiyonluk ipini Merkezefendi Devlet Hastanesi g\u00f6\u011f\u00fcsledi.<br \/>\n<br \/>Sa\u011fl\u0131k personelinin motivasyonunu art\u0131rmak ve kurumlar aras\u0131 dayan\u0131\u015fmay\u0131 g\u00fc\u00e7lendirmek amac\u0131yla tak\u0131m halinde ger\u00e7ekle\u015ftirilen turnuva, \u00e7eki\u015fmeli kar\u015f\u0131la\u015fmalara sahne oldu. G\u00fcnl\u00fck yo\u011fun \u00e7al\u0131\u015fma temposunda hayat kurtarmak i\u00e7in m\u00fccadele eden sa\u011fl\u0131k \u00e7al\u0131\u015fanlar\u0131, bu kez masa ba\u015f\u0131nda kupa i\u00e7in ter d\u00f6kt\u00fc.<br \/>\n<br \/>Dereceye giren tak\u0131mlara kupa verildi<br \/>\n<br \/>Gen\u00e7lik ve Spor \u0130l M\u00fcd\u00fcrl\u00fc\u011f\u00fc taraf\u0131ndan sa\u011fl\u0131k \u00e7al\u0131\u015fanlar\u0131 aras\u0131nda 14 Mart T\u0131p Bayram\u0131 dolay\u0131s\u0131yla d\u00fczenlenen turnuvada Merkezefendi Devlet Hastanesi birinci olurken, Yunusemre \u0130l\u00e7e Sa\u011fl\u0131k M\u00fcd\u00fcrl\u00fc\u011f\u00fc ikinci, Saruhanl\u0131 Devlet Hastanesi ise \u00fc\u00e7\u00fcnc\u00fc oldu. Turnuva sonunda dereceye giren tak\u0131mlara kupa takdim edildi.<br \/><\/p>\n","protected":false},"excerpt":{"rendered":"<p>Manisa\u2019da 14 Mart T\u0131p Bayram\u0131 kapsam\u0131nda sa\u011fl\u0131k \u00e7al\u0131\u015fanlar\u0131 aras\u0131nda d\u00fczenlenen masa tenisi turnuvas\u0131nda Merkezefendi Devlet Hastanesi birinci oldu. Gen\u00e7lik ve Spor \u0130l M\u00fcd\u00fcrl\u00fc\u011f\u00fc taraf\u0131ndan 14 Mart T\u0131p Bayram\u0131 etkinlikleri kapsam\u0131nda d\u00fczenlenen &#8220;Sa\u011fl\u0131k \u00c7al\u0131\u015fanlar\u0131 Aras\u0131 Masa Tenisi Turnuvas\u0131&#8221; b\u00fcy\u00fck bir heyecana sahne oldu. Manisa\u2019daki sa\u011fl\u0131k kurumlar\u0131n\u0131n k\u0131yas\u0131ya m\u00fccadele etti\u011fi turnuvada \u015fampiyonluk ipini Merkezefendi Devlet Hastanesi g\u00f6\u011f\u00fcsledi&#8230;.<\/p>\n","protected":false},"author":1,"featured_media":94234,"comment_status":"open","ping_status":"open","sticky":false,"template":"","format":"standard","meta":{"_crdt_document":"","footnotes":""},"categories":[4],"tags":[],"class_list":["post-94233","post","type-post","status-publish","format-standard","has-post-thumbnail","hentry","category-spor"],"_links":{"self":[{"href":"https:\/\/www.egemtv.com\/index.php?rest_route=\/wp\/v2\/posts\/94233","targetHints":{"allow":["GET"]}}],"collection":[{"href":"https:\/\/www.egemtv.com\/index.php?rest_route=\/wp\/v2\/posts"}],"about":[{"href":"https:\/\/www.egemtv.com\/index.php?rest_route=\/wp\/v2\/types\/post"}],"author":[{"embeddable":true,"href":"https:\/\/www.egemtv.com\/index.php?rest_route=\/wp\/v2\/users\/1"}],"replies":[{"embeddable":true,"href":"https:\/\/www.egemtv.com\/index.php?rest_route=%2Fwp%2Fv2%2Fcomments&post=94233"}],"version-history":[{"count":1,"href":"https:\/\/www.egemtv.com\/index.php?rest_route=\/wp\/v2\/posts\/94233\/revisions"}],"predecessor-version":[{"id":94235,"href":"https:\/\/www.egemtv.com\/index.php?rest_route=\/wp\/v2\/posts\/94233\/revisions\/94235"}],"wp:featuredmedia":[{"embeddable":true,"href":"https:\/\/www.egemtv.com\/index.php?rest_route=\/wp\/v2\/media\/94234"}],"wp:attachment":[{"href":"https:\/\/www.egemtv.com\/index.php?rest_route=%2Fwp%2Fv2%2Fmedia&parent=94233"}],"wp:term":[{"taxonomy":"category","embeddable":true,"href":"https:\/\/www.egemtv.com\/index.php?rest_route=%2Fwp%2Fv2%2Fcategories&post=94233"},{"taxonomy":"post_tag","embeddable":true,"href":"https:\/\/www.egemtv.com\/index.php?rest_route=%2Fwp%2Fv2%2Ftags&post=94233"}],"curies":[{"name":"wp","href":"https:\/\/api.w.org\/{rel}","templated":true}]}}