{"id":94230,"date":"2026-03-15T11:15:44","date_gmt":"2026-03-15T08:15:44","guid":{"rendered":"https:\/\/www.egemtv.com\/?p=94230"},"modified":"2026-03-15T11:15:45","modified_gmt":"2026-03-15T08:15:45","slug":"aydinin-oksuz-antik-kenti-amyzon-gun-yuzune-cikmayi-bekliyor","status":"publish","type":"post","link":"https:\/\/www.egemtv.com\/?p=94230","title":{"rendered":"Ayd\u0131n\u2019\u0131n &#8220;\u00f6ks\u00fcz&#8221; antik kenti Amyzon, g\u00fcn y\u00fcz\u00fcne \u00e7\u0131kmay\u0131 bekliyor"},"content":{"rendered":"<p>Definecilerin hedefi haline gelen 2 bin 300 y\u0131ll\u0131k Amyzon Antik Kenti, kaz\u0131 ba\u015fkanl\u0131\u011f\u0131n\u0131n kurulamamas\u0131 nedeniyle y\u0131llard\u0131r Ayd\u0131n\u2019\u0131n &#8220;\u00f6ks\u00fcz&#8221; antik kenti olarak g\u00fcn y\u00fcz\u00fcne \u00e7\u0131kar\u0131lmay\u0131 bekliyor.<\/p>\n<p>Ayd\u0131n\u2019\u0131n tarihi zenginliklerinden biri olan Amyzon Antik Kenti, hem arkeolojik de\u011feri hem de do\u011fal g\u00fczellikleriyle dikkat \u00e7ekmesine ra\u011fmen kentte uzun y\u0131llard\u0131r kapsaml\u0131 bir kaz\u0131 \u00e7al\u0131\u015fmas\u0131 yap\u0131lmad\u0131. Bu kapsamda 2021 y\u0131l\u0131nda kaz\u0131 \u00e7al\u0131\u015fmalar\u0131n\u0131n ba\u015flat\u0131laca\u011f\u0131 duyurulmu\u015ftu. B\u00f6lgede yakla\u015f\u0131k 80 y\u0131l aradan sonra resmi nitelikteki ilk kaz\u0131n\u0131n yap\u0131lmas\u0131 i\u00e7in yap\u0131lan \u00e7al\u0131\u015fmada, kaz\u0131 ba\u015fkanl\u0131\u011f\u0131n\u0131n kurulmamas\u0131 nedeniyle s\u00fcre\u00e7 ilerleyemedi. Y\u0131llarca definecilerin hedefi haline gelen Amyzon Antik Kenti\u2019nde \u00e7ok say\u0131da ka\u00e7ak kaz\u0131 yap\u0131l\u0131rken, kentin baz\u0131 b\u00f6l\u00fcmleri ise tahrip edildi. \u00d6te yandan 1940\u2019l\u0131 y\u0131llarda Amyzon\u2019da bir yabanc\u0131n\u0131n kaz\u0131 yapt\u0131\u011f\u0131, \u00e7evre k\u00f6ylerden i\u015f\u00e7ilerin de bu \u00e7al\u0131\u015fmalara kat\u0131ld\u0131\u011f\u0131 ve \u00e7ok say\u0131da kitabeli ta\u015f\u0131n ortaya \u00e7\u0131kar\u0131larak \u00e7al\u0131nd\u0131\u011f\u0131 da y\u00f6re halk\u0131 aras\u0131nda konu\u015fuluyor.<\/p>\n<p>Yakla\u015f\u0131k 6 metre y\u00fcksekli\u011findeki isodomik bloklarla in\u015fa edilen g\u00f6rkemli sur duvarlar\u0131 ile dikkat \u00e7eken antik kentte, birbirine paralel \u015fekilde s\u0131ralanan kemerli \u00e7at\u0131ya sahip yer alt\u0131 odalar\u0131 da bulunuyor. Bu yap\u0131lar\u0131n antik d\u00f6nemde ambar ya da depo olarak kullan\u0131ld\u0131\u011f\u0131 tahmin edilirken, tarihi dokusunun yan\u0131 s\u0131ra do\u011fal g\u00fczellikleriyle de dikkat \u00e7eken Amyzon, do\u011fa y\u00fcr\u00fcy\u00fc\u015f\u00fc yapanlar\u0131n ve tarih merakl\u0131lar\u0131n\u0131n da u\u011frak noktalar\u0131ndan biri haline gelmi\u015f durumda.<\/p>\n<p>Ayd\u0131n\u2019\u0131n &#8220;\u00f6ks\u00fcz&#8221; kalan antik kentlerinden biri olarak g\u00f6sterilen Amyzon\u2019un, yap\u0131lacak arkeolojik \u00e7al\u0131\u015fmalarla Anadolu tarihine \u0131\u015f\u0131k tutabilecek \u00f6nemli i\u015faretler bar\u0131nd\u0131rd\u0131\u011f\u0131 de\u011ferlendirilirken, Amyzon g\u00fcn y\u00fcz\u00fcne \u00e7\u0131kaca\u011f\u0131 g\u00fcn\u00fc bekliyor.<br \/><\/p>\n","protected":false},"excerpt":{"rendered":"<p>Definecilerin hedefi haline gelen 2 bin 300 y\u0131ll\u0131k Amyzon Antik Kenti, kaz\u0131 ba\u015fkanl\u0131\u011f\u0131n\u0131n kurulamamas\u0131 nedeniyle y\u0131llard\u0131r Ayd\u0131n\u2019\u0131n &#8220;\u00f6ks\u00fcz&#8221; antik kenti olarak g\u00fcn y\u00fcz\u00fcne \u00e7\u0131kar\u0131lmay\u0131 bekliyor. Ayd\u0131n\u2019\u0131n tarihi zenginliklerinden biri olan Amyzon Antik Kenti, hem arkeolojik de\u011feri hem de do\u011fal g\u00fczellikleriyle dikkat \u00e7ekmesine ra\u011fmen kentte uzun y\u0131llard\u0131r kapsaml\u0131 bir kaz\u0131 \u00e7al\u0131\u015fmas\u0131 yap\u0131lmad\u0131. Bu kapsamda 2021 y\u0131l\u0131nda&#8230;<\/p>\n","protected":false},"author":1,"featured_media":94231,"comment_status":"open","ping_status":"open","sticky":false,"template":"","format":"standard","meta":{"_crdt_document":"","footnotes":""},"categories":[1],"tags":[],"class_list":["post-94230","post","type-post","status-publish","format-standard","has-post-thumbnail","hentry","category-guncel"],"_links":{"self":[{"href":"https:\/\/www.egemtv.com\/index.php?rest_route=\/wp\/v2\/posts\/94230","targetHints":{"allow":["GET"]}}],"collection":[{"href":"https:\/\/www.egemtv.com\/index.php?rest_route=\/wp\/v2\/posts"}],"about":[{"href":"https:\/\/www.egemtv.com\/index.php?rest_route=\/wp\/v2\/types\/post"}],"author":[{"embeddable":true,"href":"https:\/\/www.egemtv.com\/index.php?rest_route=\/wp\/v2\/users\/1"}],"replies":[{"embeddable":true,"href":"https:\/\/www.egemtv.com\/index.php?rest_route=%2Fwp%2Fv2%2Fcomments&post=94230"}],"version-history":[{"count":1,"href":"https:\/\/www.egemtv.com\/index.php?rest_route=\/wp\/v2\/posts\/94230\/revisions"}],"predecessor-version":[{"id":94232,"href":"https:\/\/www.egemtv.com\/index.php?rest_route=\/wp\/v2\/posts\/94230\/revisions\/94232"}],"wp:featuredmedia":[{"embeddable":true,"href":"https:\/\/www.egemtv.com\/index.php?rest_route=\/wp\/v2\/media\/94231"}],"wp:attachment":[{"href":"https:\/\/www.egemtv.com\/index.php?rest_route=%2Fwp%2Fv2%2Fmedia&parent=94230"}],"wp:term":[{"taxonomy":"category","embeddable":true,"href":"https:\/\/www.egemtv.com\/index.php?rest_route=%2Fwp%2Fv2%2Fcategories&post=94230"},{"taxonomy":"post_tag","embeddable":true,"href":"https:\/\/www.egemtv.com\/index.php?rest_route=%2Fwp%2Fv2%2Ftags&post=94230"}],"curies":[{"name":"wp","href":"https:\/\/api.w.org\/{rel}","templated":true}]}}