{"id":94227,"date":"2026-03-15T11:15:44","date_gmt":"2026-03-15T08:15:44","guid":{"rendered":"https:\/\/www.egemtv.com\/?p=94227"},"modified":"2026-03-15T11:15:44","modified_gmt":"2026-03-15T08:15:44","slug":"sarigol-baglarinda-gubreleme-calismalari-basladi","status":"publish","type":"post","link":"https:\/\/www.egemtv.com\/?p=94227","title":{"rendered":"Sar\u0131g\u00f6l ba\u011flar\u0131nda g\u00fcbreleme \u00e7al\u0131\u015fmalar\u0131 ba\u015flad\u0131"},"content":{"rendered":"<p>D\u00fcnyaca \u00fcnl\u00fc Sar\u0131g\u00f6l \u00fcz\u00fcm ba\u011flar\u0131nda \u00fcreticiler, kaliteli ve verimli bir sezon i\u00e7in ba\u011flara k\u0131\u015fl\u0131k ve hayvan g\u00fcbresi vermeye ba\u015flad\u0131.<br \/>\n<br \/>Manisa\u2019n\u0131n Sar\u0131g\u00f6l il\u00e7esinde d\u00fcnyaca \u00fcnl\u00fc sofral\u0131k \u00fcz\u00fcm ba\u011flar\u0131nda k\u0131\u015fl\u0131k g\u00fcbreleme \u00e7al\u0131\u015fmalar\u0131 ba\u015flad\u0131.<br \/>\n<br \/>Ba\u011flarda budama \u00e7al\u0131\u015fmalar\u0131n\u0131n tamamlanmas\u0131n\u0131n ard\u0131ndan \u00e7ubuklar\u0131n tellere ba\u011flanmas\u0131 ve dolu filelerinin \u00f6rt\u00fclmesi gibi i\u015flemler yap\u0131l\u0131rken, \u00fcreticiler bu kez de ba\u011flara k\u0131\u015fl\u0131k g\u00fcbre verme \u00e7al\u0131\u015fmalar\u0131na yo\u011funla\u015ft\u0131.<br \/>\n<br \/>Sar\u0131g\u00f6ll\u00fc \u00fcreticiler, \u00f6zellikle \u015fubat ay\u0131nda etkili olan ya\u011f\u0131\u015flar\u0131n ard\u0131ndan ba\u011flar\u0131n geli\u015fimini desteklemek amac\u0131yla hayvan g\u00fcbresi ve \u00e7e\u015fitli k\u0131\u015fl\u0131k g\u00fcbreler kulland\u0131klar\u0131n\u0131 belirtti. \u00dcreticiler, &#8220;\u015eubat ay\u0131nda bol ya\u011f\u0131\u015f oldu. Ba\u011flar\u0131m\u0131za k\u0131\u015fl\u0131k ve hayvan g\u00fcbresi vererek yaz sezonunda daha verimli \u00fcr\u00fcn almak istiyoruz. Hedefimiz daha kaliteli ve bol \u00fcz\u00fcm yeti\u015ftirmek. \u00dcz\u00fcm hasad\u0131 yap\u0131lana kadar ba\u011flardaki \u00e7al\u0131\u015fmalar\u0131m\u0131z devam eder.&#8221; ifadelerini kulland\u0131.<br \/>\n<br \/>\u00d6te yandan Sar\u0131g\u00f6l\u2019de yakla\u015f\u0131k 113 bin dekarl\u0131k alanda, ba\u015fta Sultaniye \u00fcz\u00fcm\u00fc olmak \u00fczere toplam 9 farkl\u0131 \u00fcz\u00fcm \u00e7e\u015fidi yeti\u015ftiriliyor. B\u00f6lge \u00fcz\u00fcm\u00fc hem i\u00e7 piyasada hem de ihracatta \u00f6nemli bir yer tutuyor.<br \/><\/p>\n","protected":false},"excerpt":{"rendered":"<p>D\u00fcnyaca \u00fcnl\u00fc Sar\u0131g\u00f6l \u00fcz\u00fcm ba\u011flar\u0131nda \u00fcreticiler, kaliteli ve verimli bir sezon i\u00e7in ba\u011flara k\u0131\u015fl\u0131k ve hayvan g\u00fcbresi vermeye ba\u015flad\u0131. Manisa\u2019n\u0131n Sar\u0131g\u00f6l il\u00e7esinde d\u00fcnyaca \u00fcnl\u00fc sofral\u0131k \u00fcz\u00fcm ba\u011flar\u0131nda k\u0131\u015fl\u0131k g\u00fcbreleme \u00e7al\u0131\u015fmalar\u0131 ba\u015flad\u0131. Ba\u011flarda budama \u00e7al\u0131\u015fmalar\u0131n\u0131n tamamlanmas\u0131n\u0131n ard\u0131ndan \u00e7ubuklar\u0131n tellere ba\u011flanmas\u0131 ve dolu filelerinin \u00f6rt\u00fclmesi gibi i\u015flemler yap\u0131l\u0131rken, \u00fcreticiler bu kez de ba\u011flara k\u0131\u015fl\u0131k g\u00fcbre verme \u00e7al\u0131\u015fmalar\u0131na&#8230;<\/p>\n","protected":false},"author":1,"featured_media":94228,"comment_status":"open","ping_status":"open","sticky":false,"template":"","format":"standard","meta":{"_crdt_document":"","footnotes":""},"categories":[125],"tags":[],"class_list":["post-94227","post","type-post","status-publish","format-standard","has-post-thumbnail","hentry","category-ekonomi"],"_links":{"self":[{"href":"https:\/\/www.egemtv.com\/index.php?rest_route=\/wp\/v2\/posts\/94227","targetHints":{"allow":["GET"]}}],"collection":[{"href":"https:\/\/www.egemtv.com\/index.php?rest_route=\/wp\/v2\/posts"}],"about":[{"href":"https:\/\/www.egemtv.com\/index.php?rest_route=\/wp\/v2\/types\/post"}],"author":[{"embeddable":true,"href":"https:\/\/www.egemtv.com\/index.php?rest_route=\/wp\/v2\/users\/1"}],"replies":[{"embeddable":true,"href":"https:\/\/www.egemtv.com\/index.php?rest_route=%2Fwp%2Fv2%2Fcomments&post=94227"}],"version-history":[{"count":1,"href":"https:\/\/www.egemtv.com\/index.php?rest_route=\/wp\/v2\/posts\/94227\/revisions"}],"predecessor-version":[{"id":94229,"href":"https:\/\/www.egemtv.com\/index.php?rest_route=\/wp\/v2\/posts\/94227\/revisions\/94229"}],"wp:featuredmedia":[{"embeddable":true,"href":"https:\/\/www.egemtv.com\/index.php?rest_route=\/wp\/v2\/media\/94228"}],"wp:attachment":[{"href":"https:\/\/www.egemtv.com\/index.php?rest_route=%2Fwp%2Fv2%2Fmedia&parent=94227"}],"wp:term":[{"taxonomy":"category","embeddable":true,"href":"https:\/\/www.egemtv.com\/index.php?rest_route=%2Fwp%2Fv2%2Fcategories&post=94227"},{"taxonomy":"post_tag","embeddable":true,"href":"https:\/\/www.egemtv.com\/index.php?rest_route=%2Fwp%2Fv2%2Ftags&post=94227"}],"curies":[{"name":"wp","href":"https:\/\/api.w.org\/{rel}","templated":true}]}}