{"id":94224,"date":"2026-03-15T11:15:42","date_gmt":"2026-03-15T08:15:42","guid":{"rendered":"https:\/\/www.egemtv.com\/?p=94224"},"modified":"2026-03-15T11:15:43","modified_gmt":"2026-03-15T08:15:43","slug":"gordesli-ogrencilerden-depremzede-ailelere-ramazan-destegi","status":"publish","type":"post","link":"https:\/\/www.egemtv.com\/?p=94224","title":{"rendered":"G\u00f6rdesli \u00f6\u011frencilerden depremzede ailelere Ramazan deste\u011fi"},"content":{"rendered":"<p>Manisa\u2019n\u0131n G\u00f6rdes il\u00e7esindeki G\u00fcne\u015fli Anadolu Lisesi\u2019nde \u00f6\u011fretmen, \u00f6\u011frenci ve esnaf\u0131n katk\u0131lar\u0131yla haz\u0131rlanan Ramazan kolileri, Bal\u0131kesir\u2019in S\u0131nd\u0131rg\u0131 il\u00e7esinde ya\u015fayan depremzede ailelere ula\u015ft\u0131r\u0131ld\u0131.<br \/>\n<br \/>Manisa\u2019n\u0131n G\u00f6rdes il\u00e7esinde e\u011fitim veren G\u00fcne\u015fli Anadolu Lisesi, Ramazan ay\u0131n\u0131n birlik, dayan\u0131\u015fma ve payla\u015fma ruhunu anlaml\u0131 bir sosyal sorumluluk \u00e7al\u0131\u015fmas\u0131yla ya\u015fatt\u0131. Okul y\u00f6netimi, \u00f6\u011fretmenler, \u00f6\u011frenciler ve esnaf\u0131n katk\u0131lar\u0131yla haz\u0131rlanan Ramazan kolileri, Bal\u0131kesir\u2019in S\u0131nd\u0131rg\u0131 il\u00e7esinde ya\u015fayan depremzede ailelere ula\u015ft\u0131r\u0131ld\u0131.<br \/>\n<br \/>&#8220;Maarifin Kalbinde Ramazan, Ramazan\u2019\u0131n Kalbinde Payla\u015fmak&#8221; temas\u0131yla ger\u00e7ekle\u015ftirilen etkinlik kapsam\u0131nda \u00f6\u011fretmenler ve \u00f6\u011frenciler yard\u0131m kolilerinin haz\u0131rlanmas\u0131nda aktif rol ald\u0131. Dayan\u0131\u015fma bilincini k\u00fc\u00e7\u00fck ya\u015flarda kazand\u0131rmay\u0131 ama\u00e7layan \u00e7al\u0131\u015fma sayesinde \u00f6\u011frenciler, payla\u015fman\u0131n ve ihtiya\u00e7 sahiplerine destek olman\u0131n \u00f6nemini ya\u015fayarak \u00f6\u011frendi.<br \/>\n<br \/>Haz\u0131rlanan yard\u0131m kolileri, \u0130l\u00e7e Milli E\u011fitim M\u00fcd\u00fcr\u00fc \u0130brahim Co\u015fkun \u00c7elik, Okul M\u00fcd\u00fcr\u00fc B\u00fcnyamin Orhan ve \u00f6\u011frencilerin de kat\u0131l\u0131m\u0131yla depremzede ailelere teslim edildi. Programda konu\u015fan okul y\u00f6netimi, Ramazan ay\u0131n\u0131n merhamet, yard\u0131mla\u015fma ve karde\u015flik duygular\u0131n\u0131 g\u00fc\u00e7lendiren \u00f6nemli bir zaman dilimi oldu\u011funu vurgulad\u0131.<br \/>\n<br \/>G\u00fcne\u015fli Anadolu Lisesi M\u00fcd\u00fcr\u00fc B\u00fcnyamin Orhan, ger\u00e7ekle\u015ftirilen sosyal sorumluluk \u00e7al\u0131\u015fmas\u0131n\u0131n \u00f6\u011frencilerin toplumsal duyarl\u0131l\u0131\u011f\u0131n\u0131 art\u0131rd\u0131\u011f\u0131n\u0131 belirterek, dayan\u0131\u015fma ruhunu ya\u015fatan benzer etkinliklerin ilerleyen d\u00f6nemlerde de s\u00fcrd\u00fcr\u00fclece\u011fini ifade etti.<br \/><\/p>\n","protected":false},"excerpt":{"rendered":"<p>Manisa\u2019n\u0131n G\u00f6rdes il\u00e7esindeki G\u00fcne\u015fli Anadolu Lisesi\u2019nde \u00f6\u011fretmen, \u00f6\u011frenci ve esnaf\u0131n katk\u0131lar\u0131yla haz\u0131rlanan Ramazan kolileri, Bal\u0131kesir\u2019in S\u0131nd\u0131rg\u0131 il\u00e7esinde ya\u015fayan depremzede ailelere ula\u015ft\u0131r\u0131ld\u0131. Manisa\u2019n\u0131n G\u00f6rdes il\u00e7esinde e\u011fitim veren G\u00fcne\u015fli Anadolu Lisesi, Ramazan ay\u0131n\u0131n birlik, dayan\u0131\u015fma ve payla\u015fma ruhunu anlaml\u0131 bir sosyal sorumluluk \u00e7al\u0131\u015fmas\u0131yla ya\u015fatt\u0131. Okul y\u00f6netimi, \u00f6\u011fretmenler, \u00f6\u011frenciler ve esnaf\u0131n katk\u0131lar\u0131yla haz\u0131rlanan Ramazan kolileri, Bal\u0131kesir\u2019in S\u0131nd\u0131rg\u0131 il\u00e7esinde&#8230;<\/p>\n","protected":false},"author":1,"featured_media":94225,"comment_status":"open","ping_status":"open","sticky":false,"template":"","format":"standard","meta":{"_crdt_document":"","footnotes":""},"categories":[1],"tags":[],"class_list":["post-94224","post","type-post","status-publish","format-standard","has-post-thumbnail","hentry","category-guncel"],"_links":{"self":[{"href":"https:\/\/www.egemtv.com\/index.php?rest_route=\/wp\/v2\/posts\/94224","targetHints":{"allow":["GET"]}}],"collection":[{"href":"https:\/\/www.egemtv.com\/index.php?rest_route=\/wp\/v2\/posts"}],"about":[{"href":"https:\/\/www.egemtv.com\/index.php?rest_route=\/wp\/v2\/types\/post"}],"author":[{"embeddable":true,"href":"https:\/\/www.egemtv.com\/index.php?rest_route=\/wp\/v2\/users\/1"}],"replies":[{"embeddable":true,"href":"https:\/\/www.egemtv.com\/index.php?rest_route=%2Fwp%2Fv2%2Fcomments&post=94224"}],"version-history":[{"count":1,"href":"https:\/\/www.egemtv.com\/index.php?rest_route=\/wp\/v2\/posts\/94224\/revisions"}],"predecessor-version":[{"id":94226,"href":"https:\/\/www.egemtv.com\/index.php?rest_route=\/wp\/v2\/posts\/94224\/revisions\/94226"}],"wp:featuredmedia":[{"embeddable":true,"href":"https:\/\/www.egemtv.com\/index.php?rest_route=\/wp\/v2\/media\/94225"}],"wp:attachment":[{"href":"https:\/\/www.egemtv.com\/index.php?rest_route=%2Fwp%2Fv2%2Fmedia&parent=94224"}],"wp:term":[{"taxonomy":"category","embeddable":true,"href":"https:\/\/www.egemtv.com\/index.php?rest_route=%2Fwp%2Fv2%2Fcategories&post=94224"},{"taxonomy":"post_tag","embeddable":true,"href":"https:\/\/www.egemtv.com\/index.php?rest_route=%2Fwp%2Fv2%2Ftags&post=94224"}],"curies":[{"name":"wp","href":"https:\/\/api.w.org\/{rel}","templated":true}]}}