{"id":94221,"date":"2026-03-15T11:15:41","date_gmt":"2026-03-15T08:15:41","guid":{"rendered":"https:\/\/www.egemtv.com\/?p=94221"},"modified":"2026-03-15T11:15:42","modified_gmt":"2026-03-15T08:15:42","slug":"dev-patatesler-pazarin-ilgi-odagi-oldu","status":"publish","type":"post","link":"https:\/\/www.egemtv.com\/?p=94221","title":{"rendered":"Dev patatesler pazar\u0131n ilgi oda\u011f\u0131 oldu"},"content":{"rendered":"<p>Manisa\u2019n\u0131n Sar\u0131g\u00f6l il\u00e7esinde cuma pazar\u0131nda sat\u0131\u015fa sunulan 800-850 gram a\u011f\u0131rl\u0131\u011f\u0131ndaki dev patatesler vatanda\u015flar\u0131n ilgisini \u00e7ekiyor. Tek bir patatesle d\u00f6rt ki\u015filik bir ailenin yemek ihtiyac\u0131 kar\u015f\u0131lanabiliyor.<br \/>\n<br \/>Manisa\u2019n\u0131n Sar\u0131g\u00f6l il\u00e7esinde her hafta cuma g\u00fcn\u00fc kurulan halk pazar\u0131nda sat\u0131\u015fa sunulan devasa patatesler vatanda\u015flar\u0131n dikkatini \u00e7ekiyor. Tanesi 800 ile 850 gram aras\u0131nda gelen patateslerin tek ba\u015f\u0131na d\u00f6rt ki\u015filik bir ailenin yemek ihtiyac\u0131n\u0131 kar\u015f\u0131layabildi\u011fi belirtiliyor.<br \/>\n<br \/>Pazarda patates sat\u0131\u015f\u0131 yapan Osman Ay\u015fakar, her hafta Sar\u0131g\u00f6l pazar\u0131na gelerek tezg\u00e2h a\u00e7t\u0131klar\u0131n\u0131 belirterek \u00fcr\u00fcnleri \u0130zmir\u2019in \u00d6demi\u015f il\u00e7esinden getirdiklerini s\u00f6yledi. Ay\u015fakar, &#8220;Her hafta Sar\u0131g\u00f6l pazar\u0131na gelerek patates sat\u0131\u015f\u0131 yap\u0131yoruz. Patateslerimizi \u0130zmir \u00d6demi\u015f\u2019ten getiriyoruz. Bazen i\u00e7lerinden olduk\u00e7a iri ve ilgin\u00e7 \u015fekilli patatesler \u00e7\u0131k\u0131yor. Bu hafta baz\u0131 patatesler 800-850 gram geldi. Patatesin kilosunu ise 25 liradan sat\u0131yoruz.&#8221; dedi.<br \/>\n<br \/>Pazardan patates alan vatanda\u015flardan Ramazan Karahan ise iri patateslerin olduk\u00e7a ekonomik oldu\u011funu ifade ederek, &#8220;\u00d6zellikle iri patatesleri tercih ediyorum. Bir tanesiyle d\u00f6rt ki\u015filik bir aile rahatl\u0131kla yemek yapabiliyor. \u0130ster sulu yemek ister k\u0131zartma olsun, tek patates yetiyor.&#8221; diye konu\u015ftu.<br \/>\n<br \/>Sar\u0131g\u00f6l pazar\u0131nda sergilenen dev patatesler hem b\u00fcy\u00fckl\u00fckleri hem de ekonomik olmas\u0131 nedeniyle vatanda\u015flar\u0131n ilgisini \u00e7ekmeye devam ediyor.<br \/><\/p>\n","protected":false},"excerpt":{"rendered":"<p>Manisa\u2019n\u0131n Sar\u0131g\u00f6l il\u00e7esinde cuma pazar\u0131nda sat\u0131\u015fa sunulan 800-850 gram a\u011f\u0131rl\u0131\u011f\u0131ndaki dev patatesler vatanda\u015flar\u0131n ilgisini \u00e7ekiyor. Tek bir patatesle d\u00f6rt ki\u015filik bir ailenin yemek ihtiyac\u0131 kar\u015f\u0131lanabiliyor. Manisa\u2019n\u0131n Sar\u0131g\u00f6l il\u00e7esinde her hafta cuma g\u00fcn\u00fc kurulan halk pazar\u0131nda sat\u0131\u015fa sunulan devasa patatesler vatanda\u015flar\u0131n dikkatini \u00e7ekiyor. Tanesi 800 ile 850 gram aras\u0131nda gelen patateslerin tek ba\u015f\u0131na d\u00f6rt ki\u015filik bir&#8230;<\/p>\n","protected":false},"author":1,"featured_media":94222,"comment_status":"open","ping_status":"open","sticky":false,"template":"","format":"standard","meta":{"_crdt_document":"","footnotes":""},"categories":[125],"tags":[],"class_list":["post-94221","post","type-post","status-publish","format-standard","has-post-thumbnail","hentry","category-ekonomi"],"_links":{"self":[{"href":"https:\/\/www.egemtv.com\/index.php?rest_route=\/wp\/v2\/posts\/94221","targetHints":{"allow":["GET"]}}],"collection":[{"href":"https:\/\/www.egemtv.com\/index.php?rest_route=\/wp\/v2\/posts"}],"about":[{"href":"https:\/\/www.egemtv.com\/index.php?rest_route=\/wp\/v2\/types\/post"}],"author":[{"embeddable":true,"href":"https:\/\/www.egemtv.com\/index.php?rest_route=\/wp\/v2\/users\/1"}],"replies":[{"embeddable":true,"href":"https:\/\/www.egemtv.com\/index.php?rest_route=%2Fwp%2Fv2%2Fcomments&post=94221"}],"version-history":[{"count":1,"href":"https:\/\/www.egemtv.com\/index.php?rest_route=\/wp\/v2\/posts\/94221\/revisions"}],"predecessor-version":[{"id":94223,"href":"https:\/\/www.egemtv.com\/index.php?rest_route=\/wp\/v2\/posts\/94221\/revisions\/94223"}],"wp:featuredmedia":[{"embeddable":true,"href":"https:\/\/www.egemtv.com\/index.php?rest_route=\/wp\/v2\/media\/94222"}],"wp:attachment":[{"href":"https:\/\/www.egemtv.com\/index.php?rest_route=%2Fwp%2Fv2%2Fmedia&parent=94221"}],"wp:term":[{"taxonomy":"category","embeddable":true,"href":"https:\/\/www.egemtv.com\/index.php?rest_route=%2Fwp%2Fv2%2Fcategories&post=94221"},{"taxonomy":"post_tag","embeddable":true,"href":"https:\/\/www.egemtv.com\/index.php?rest_route=%2Fwp%2Fv2%2Ftags&post=94221"}],"curies":[{"name":"wp","href":"https:\/\/api.w.org\/{rel}","templated":true}]}}