{"id":94218,"date":"2026-03-15T11:15:40","date_gmt":"2026-03-15T08:15:40","guid":{"rendered":"https:\/\/www.egemtv.com\/?p=94218"},"modified":"2026-03-15T11:15:41","modified_gmt":"2026-03-15T08:15:41","slug":"saruhanlida-kiz-futbol-takimi-kuruldu","status":"publish","type":"post","link":"https:\/\/www.egemtv.com\/?p=94218","title":{"rendered":"Saruhanl\u0131\u2019da k\u0131z futbol tak\u0131m\u0131 kuruldu"},"content":{"rendered":"<p>Manisa\u2019n\u0131n Saruhanl\u0131 il\u00e7esinde faaliyet g\u00f6steren \u0130shak\u00e7elebi Spor Kul\u00fcb\u00fc, il\u00e7enin ilk k\u0131z futbol tak\u0131m\u0131n\u0131 kurarak yeni sezonda lige kat\u0131lmak i\u00e7in haz\u0131rl\u0131klara ba\u015flad\u0131.<br \/>\n<br \/>Manisa 2. Amat\u00f6r B Grubu\u2019nda m\u00fccadele eden Saruhanl\u0131 il\u00e7esindeki \u0130shak\u00e7elebi Spor Kul\u00fcb\u00fc, yeni sezon \u00f6ncesinde k\u0131z futbol tak\u0131m\u0131n\u0131 kurarak \u00f6nemli bir ad\u0131m att\u0131.<br \/>\n<br \/>Manisa\u2019da Soma Zafer, Anadolu 45 ve Turgutlu \u00c7\u0131kr\u0131k\u00e7\u0131 Spor Kul\u00fcb\u00fc\u2019n\u00fcn ard\u0131ndan Saruhanl\u0131 il\u00e7esinde faaliyet g\u00f6steren \u0130shak\u00e7elebi Spor Kul\u00fcb\u00fc de k\u0131z futbol tak\u0131m\u0131 kurarak \u00e7al\u0131\u015fmalar\u0131na h\u0131z verdi. Kul\u00fcp y\u00f6netimi, olu\u015fturulan tak\u0131m\u0131n yeni sezonda ligde m\u00fccadele etmesi i\u00e7in haz\u0131rl\u0131klar\u0131n\u0131 s\u00fcrd\u00fcr\u00fcyor.<br \/>\n<br \/>\u0130shak\u00e7elebi Spor Kul\u00fcb\u00fc Ba\u015fkan\u0131 G\u00fcrhan Karaca, il\u00e7enin ilk k\u0131z futbol tak\u0131m\u0131n\u0131 kurmu\u015f olman\u0131n mutlulu\u011funu ya\u015fad\u0131klar\u0131n\u0131 belirterek \u00e7al\u0131\u015fmalar\u0131n aral\u0131ks\u0131z devam etti\u011fini s\u00f6yledi.<\/p>\n<p>&#8220;Hedefimiz sporla k\u00f6t\u00fc al\u0131\u015fkanl\u0131klardan uzak tutmak&#8221;<br \/>\n<br \/>Ba\u015fkan Karaca, &#8220;Saruhanl\u0131\u2019n\u0131n ilk bayan futbol tak\u0131m\u0131n\u0131 resm\u00ee olarak kurduk ve yeni sezonda lige kat\u0131lmay\u0131 hedefliyoruz. Haz\u0131rl\u0131klar\u0131m\u0131z devam ediyor. \u015eu anda fikst\u00fcr ve ma\u00e7lar\u0131n ne zaman ba\u015flayaca\u011f\u0131 hen\u00fcz belli de\u011fil. T\u00fcm haz\u0131rl\u0131klar\u0131m\u0131z\u0131 yapt\u0131k, malzemelerimiz ve oyuncular\u0131m\u0131z haz\u0131r. Tak\u0131m\u0131m\u0131z tamamen Saruhanl\u0131 il\u00e7emizden 14, 15, 16, 17 ve 18 ya\u015flar\u0131ndaki k\u0131z sporculardan olu\u015fuyor. En k\u0131sa zamanda tak\u0131m\u0131 \u00fcst liglere ta\u015f\u0131may\u0131 hedefliyoruz. Ancak \u00f6ncelikli amac\u0131m\u0131z sporcular\u0131m\u0131z\u0131 k\u00f6t\u00fc al\u0131\u015fkanl\u0131klardan uzak tutmak, spor yapmalar\u0131n\u0131 sa\u011flamak ve onlar\u0131 topluma faydal\u0131 bireyler olarak yeti\u015ftirmek.&#8221; dedi.<br \/>\n<br \/>Karaca ayr\u0131ca kul\u00fcb\u00fcn erkek futbol tak\u0131m\u0131n\u0131n antren\u00f6rl\u00fc\u011f\u00fcn\u00fc Recep T\u00fcrel\u2019in, k\u0131z futbol tak\u0131m\u0131n\u0131n antren\u00f6rl\u00fc\u011f\u00fcn\u00fc ise B\u00fclent \u00c7oban\u2019\u0131n yapt\u0131\u011f\u0131n\u0131 ifade etti.<\/p>\n<p>&#8220;Art\u0131k bu camiada biz de var\u0131z&#8221;<br \/>\n<br \/>\u0130shak\u00e7elebi Spor Kul\u00fcb\u00fc K\u0131z Futbol Tak\u0131m\u0131 Antren\u00f6r\u00fc B\u00fclent \u00c7oban ise kurduklar\u0131 tak\u0131m\u0131n il\u00e7ede \u00f6nemli bir bo\u015flu\u011fu dolduraca\u011f\u0131n\u0131 belirterek, &#8220;G\u00fczel bir bayan futbol tak\u0131m\u0131 kurduk. Bizlere destek veren kul\u00fcp y\u00f6neticilerimize ve katk\u0131 sa\u011flayan herkese te\u015fekk\u00fcr ediyoruz. Art\u0131k bu camiada biz de var\u0131z ve ses getirmeye haz\u0131r\u0131z. T\u00fcm Saruhanl\u0131 halk\u0131na, sporcular\u0131m\u0131za ve ailelerine hay\u0131rl\u0131 olsun.&#8221; diye konu\u015ftu.<br \/><\/p>\n","protected":false},"excerpt":{"rendered":"<p>Manisa\u2019n\u0131n Saruhanl\u0131 il\u00e7esinde faaliyet g\u00f6steren \u0130shak\u00e7elebi Spor Kul\u00fcb\u00fc, il\u00e7enin ilk k\u0131z futbol tak\u0131m\u0131n\u0131 kurarak yeni sezonda lige kat\u0131lmak i\u00e7in haz\u0131rl\u0131klara ba\u015flad\u0131. Manisa 2. Amat\u00f6r B Grubu\u2019nda m\u00fccadele eden Saruhanl\u0131 il\u00e7esindeki \u0130shak\u00e7elebi Spor Kul\u00fcb\u00fc, yeni sezon \u00f6ncesinde k\u0131z futbol tak\u0131m\u0131n\u0131 kurarak \u00f6nemli bir ad\u0131m att\u0131. Manisa\u2019da Soma Zafer, Anadolu 45 ve Turgutlu \u00c7\u0131kr\u0131k\u00e7\u0131 Spor Kul\u00fcb\u00fc\u2019n\u00fcn ard\u0131ndan&#8230;<\/p>\n","protected":false},"author":1,"featured_media":94219,"comment_status":"open","ping_status":"open","sticky":false,"template":"","format":"standard","meta":{"_crdt_document":"","footnotes":""},"categories":[4],"tags":[],"class_list":["post-94218","post","type-post","status-publish","format-standard","has-post-thumbnail","hentry","category-spor"],"_links":{"self":[{"href":"https:\/\/www.egemtv.com\/index.php?rest_route=\/wp\/v2\/posts\/94218","targetHints":{"allow":["GET"]}}],"collection":[{"href":"https:\/\/www.egemtv.com\/index.php?rest_route=\/wp\/v2\/posts"}],"about":[{"href":"https:\/\/www.egemtv.com\/index.php?rest_route=\/wp\/v2\/types\/post"}],"author":[{"embeddable":true,"href":"https:\/\/www.egemtv.com\/index.php?rest_route=\/wp\/v2\/users\/1"}],"replies":[{"embeddable":true,"href":"https:\/\/www.egemtv.com\/index.php?rest_route=%2Fwp%2Fv2%2Fcomments&post=94218"}],"version-history":[{"count":1,"href":"https:\/\/www.egemtv.com\/index.php?rest_route=\/wp\/v2\/posts\/94218\/revisions"}],"predecessor-version":[{"id":94220,"href":"https:\/\/www.egemtv.com\/index.php?rest_route=\/wp\/v2\/posts\/94218\/revisions\/94220"}],"wp:featuredmedia":[{"embeddable":true,"href":"https:\/\/www.egemtv.com\/index.php?rest_route=\/wp\/v2\/media\/94219"}],"wp:attachment":[{"href":"https:\/\/www.egemtv.com\/index.php?rest_route=%2Fwp%2Fv2%2Fmedia&parent=94218"}],"wp:term":[{"taxonomy":"category","embeddable":true,"href":"https:\/\/www.egemtv.com\/index.php?rest_route=%2Fwp%2Fv2%2Fcategories&post=94218"},{"taxonomy":"post_tag","embeddable":true,"href":"https:\/\/www.egemtv.com\/index.php?rest_route=%2Fwp%2Fv2%2Ftags&post=94218"}],"curies":[{"name":"wp","href":"https:\/\/api.w.org\/{rel}","templated":true}]}}