{"id":94215,"date":"2026-03-15T11:15:38","date_gmt":"2026-03-15T08:15:38","guid":{"rendered":"https:\/\/www.egemtv.com\/?p=94215"},"modified":"2026-03-15T11:15:40","modified_gmt":"2026-03-15T08:15:40","slug":"sarigolde-baharin-habercisi-eksi-kulak-tezgahlarda-yerini-aldi","status":"publish","type":"post","link":"https:\/\/www.egemtv.com\/?p=94215","title":{"rendered":"Sar\u0131g\u00f6l\u2019de bahar\u0131n habercisi ek\u015fi kulak tezgahlarda yerini ald\u0131"},"content":{"rendered":"<p>Manisa\u2019n\u0131n Sar\u0131g\u00f6l il\u00e7esinde bahar\u0131n gelmesiyle birlikte do\u011fada kendili\u011finden yeti\u015fen ve halk aras\u0131nda &#8220;ek\u015fi kulak&#8221; olarak bilinen yabani otlar toplanmaya ba\u015fland\u0131. \u00d6zellikle ba\u011f ve bah\u00e7elerde do\u011fal olarak \u00e7\u0131kan ek\u015fi kulak, hem lezzeti hem de do\u011fal aromas\u0131yla vatanda\u015flar\u0131n sofralar\u0131n\u0131 s\u00fcsl\u00fcyor.<br \/>\n<br \/>Bahar\u0131n geli\u015fiyle Sar\u0131g\u00f6l\u2019de do\u011fada kendili\u011finden yeti\u015fen &#8220;ek\u015fi kulak&#8221; otlar\u0131 vatanda\u015flar taraf\u0131ndan toplanarak salatalarda ve yemeklerde t\u00fcketiliyor.<br \/>\n<br \/>Bahar aylar\u0131nda do\u011fada kendili\u011finden yeti\u015fen otlar Sar\u0131g\u00f6l\u2019de yeniden toplanmaya ba\u015flad\u0131. Halk aras\u0131nda &#8220;ek\u015fi kulak&#8221; olarak bilinen ve ek\u015fimsi tad\u0131yla dikkat \u00e7eken otlar, \u00f6zellikle ba\u011f ve bah\u00e7elerde do\u011fal olarak yeti\u015fiyor. Vatanda\u015flar taraf\u0131ndan toplanan ek\u015fi kulaklar, genel olarak taze olarak t\u00fcketilirken salatalara da lezzet kat\u0131yor.<br \/>\n<br \/>Sar\u0131g\u00f6ll\u00fc ev kad\u0131n\u0131 H\u00fclya Akkaya, bahar aylar\u0131nda ek\u015fi kulak toplamay\u0131 gelenek haline getirdiklerini belirterek, &#8220;Bahar aylar\u0131nda ba\u011flarda ve bah\u00e7elerde do\u011fal olarak \u00e7\u0131kan ek\u015fi kula\u011f\u0131 topluyoruz. Ek\u015fimsi tad\u0131 oldu\u011fu i\u00e7in \u00e7ok seviliyor. Hem sade olarak t\u00fcketiyoruz hem de salatalar\u0131n i\u00e7ine kat\u0131yoruz. Y\u0131llardan beri bu otu toplar\u0131z, adeta do\u011fal bir baharat gibi taze olarak t\u00fcketiyoruz.&#8221; dedi.<br \/>\n<br \/>\u00d6te yandan baz\u0131 vatanda\u015flar\u0131n da da\u011fl\u0131k alanlara \u00e7\u0131karak yemeklik otlardan sarma\u015f\u0131k ve tilki kuyru\u011fu toplamaya ba\u015flad\u0131\u011f\u0131 \u00f6\u011frenildi.<br \/><\/p>\n","protected":false},"excerpt":{"rendered":"<p>Manisa\u2019n\u0131n Sar\u0131g\u00f6l il\u00e7esinde bahar\u0131n gelmesiyle birlikte do\u011fada kendili\u011finden yeti\u015fen ve halk aras\u0131nda &#8220;ek\u015fi kulak&#8221; olarak bilinen yabani otlar toplanmaya ba\u015fland\u0131. \u00d6zellikle ba\u011f ve bah\u00e7elerde do\u011fal olarak \u00e7\u0131kan ek\u015fi kulak, hem lezzeti hem de do\u011fal aromas\u0131yla vatanda\u015flar\u0131n sofralar\u0131n\u0131 s\u00fcsl\u00fcyor. Bahar\u0131n geli\u015fiyle Sar\u0131g\u00f6l\u2019de do\u011fada kendili\u011finden yeti\u015fen &#8220;ek\u015fi kulak&#8221; otlar\u0131 vatanda\u015flar taraf\u0131ndan toplanarak salatalarda ve yemeklerde t\u00fcketiliyor. Bahar&#8230;<\/p>\n","protected":false},"author":1,"featured_media":94216,"comment_status":"open","ping_status":"open","sticky":false,"template":"","format":"standard","meta":{"_crdt_document":"","footnotes":""},"categories":[1],"tags":[],"class_list":["post-94215","post","type-post","status-publish","format-standard","has-post-thumbnail","hentry","category-guncel"],"_links":{"self":[{"href":"https:\/\/www.egemtv.com\/index.php?rest_route=\/wp\/v2\/posts\/94215","targetHints":{"allow":["GET"]}}],"collection":[{"href":"https:\/\/www.egemtv.com\/index.php?rest_route=\/wp\/v2\/posts"}],"about":[{"href":"https:\/\/www.egemtv.com\/index.php?rest_route=\/wp\/v2\/types\/post"}],"author":[{"embeddable":true,"href":"https:\/\/www.egemtv.com\/index.php?rest_route=\/wp\/v2\/users\/1"}],"replies":[{"embeddable":true,"href":"https:\/\/www.egemtv.com\/index.php?rest_route=%2Fwp%2Fv2%2Fcomments&post=94215"}],"version-history":[{"count":1,"href":"https:\/\/www.egemtv.com\/index.php?rest_route=\/wp\/v2\/posts\/94215\/revisions"}],"predecessor-version":[{"id":94217,"href":"https:\/\/www.egemtv.com\/index.php?rest_route=\/wp\/v2\/posts\/94215\/revisions\/94217"}],"wp:featuredmedia":[{"embeddable":true,"href":"https:\/\/www.egemtv.com\/index.php?rest_route=\/wp\/v2\/media\/94216"}],"wp:attachment":[{"href":"https:\/\/www.egemtv.com\/index.php?rest_route=%2Fwp%2Fv2%2Fmedia&parent=94215"}],"wp:term":[{"taxonomy":"category","embeddable":true,"href":"https:\/\/www.egemtv.com\/index.php?rest_route=%2Fwp%2Fv2%2Fcategories&post=94215"},{"taxonomy":"post_tag","embeddable":true,"href":"https:\/\/www.egemtv.com\/index.php?rest_route=%2Fwp%2Fv2%2Ftags&post=94215"}],"curies":[{"name":"wp","href":"https:\/\/api.w.org\/{rel}","templated":true}]}}