{"id":94212,"date":"2026-03-15T10:55:22","date_gmt":"2026-03-15T07:55:22","guid":{"rendered":"https:\/\/www.egemtv.com\/?p=94212"},"modified":"2026-03-15T10:55:23","modified_gmt":"2026-03-15T07:55:23","slug":"yenipazarda-ogrenciler-ve-protokol-iftar-sofrasinda-bulustu","status":"publish","type":"post","link":"https:\/\/www.egemtv.com\/?p=94212","title":{"rendered":"Yenipazar\u2019da \u00f6\u011frenciler ve protokol iftar sofras\u0131nda bulu\u015ftu"},"content":{"rendered":"<p>Ayd\u0131n\u2019\u0131n Yenipazar il\u00e7esinde Hamzabali \u0130lk-Ortaokulu taraf\u0131ndan d\u00fczenlenen iftar program\u0131nda \u00f6\u011frenciler, veliler ve il\u00e7e protokol\u00fc ayn\u0131 sofrada bulu\u015ftu.<\/p>\n<p>Hamzabali \u0130lk-Ortaokulu taraf\u0131ndan d\u00fczenlenen iftar program\u0131, Ramazan ay\u0131n\u0131n birlik ve beraberlik ruhunu yans\u0131tan g\u00f6r\u00fcnt\u00fclere sahne oldu. Okul M\u00fcd\u00fcr\u00fc Fatih D\u00f6nmez \u00f6nc\u00fcl\u00fc\u011f\u00fcnde ger\u00e7ekle\u015ftirilen programa Yenipazar Kaymakam\u0131 Murat Karata\u015f, \u0130l\u00e7e Jandarma Komutan\u0131 Mustafa \u00d6zarslan, Emniyet Amiri Hac\u0131 Ali Katman, Yenipazar \u0130l\u00e7e Milli E\u011fitim M\u00fcd\u00fcr Vekili Yal\u00e7\u0131n \u00d6zen, \u0130l\u00e7e Milli E\u011fitim M\u00fcd\u00fcrl\u00fc\u011f\u00fc \u015eube M\u00fcd\u00fcr\u00fc Emrullah \u00c7olak, okul m\u00fcd\u00fcrleri, mahalle muhtarlar\u0131, \u00f6\u011frenciler ve veliler kat\u0131ld\u0131. Yo\u011fun kat\u0131l\u0131m\u0131n oldu\u011fu programda davetliler ayn\u0131 sofrada iftar yaparak Ramazan ay\u0131n\u0131n bereketini ve payla\u015fma k\u00fclt\u00fcr\u00fcn\u00fc birlikte ya\u015fad\u0131. Samimi bir ortamda ger\u00e7ekle\u015fen program, il\u00e7edeki dayan\u0131\u015fma ve karde\u015flik duygular\u0131n\u0131n g\u00fc\u00e7lenmesine katk\u0131 sa\u011flad\u0131. Yenipazar \u0130l\u00e7e Milli E\u011fitim M\u00fcd\u00fcrl\u00fc\u011f\u00fc taraf\u0131ndan yap\u0131lan payla\u015f\u0131mda, programa katk\u0131 sunan herkese te\u015fekk\u00fcr edilerek Ramazan ay\u0131n\u0131n sa\u011fl\u0131k, huzur ve bereket getirmesi temennisinde bulunuldu.<br \/><\/p>\n","protected":false},"excerpt":{"rendered":"<p>Ayd\u0131n\u2019\u0131n Yenipazar il\u00e7esinde Hamzabali \u0130lk-Ortaokulu taraf\u0131ndan d\u00fczenlenen iftar program\u0131nda \u00f6\u011frenciler, veliler ve il\u00e7e protokol\u00fc ayn\u0131 sofrada bulu\u015ftu. Hamzabali \u0130lk-Ortaokulu taraf\u0131ndan d\u00fczenlenen iftar program\u0131, Ramazan ay\u0131n\u0131n birlik ve beraberlik ruhunu yans\u0131tan g\u00f6r\u00fcnt\u00fclere sahne oldu. Okul M\u00fcd\u00fcr\u00fc Fatih D\u00f6nmez \u00f6nc\u00fcl\u00fc\u011f\u00fcnde ger\u00e7ekle\u015ftirilen programa Yenipazar Kaymakam\u0131 Murat Karata\u015f, \u0130l\u00e7e Jandarma Komutan\u0131 Mustafa \u00d6zarslan, Emniyet Amiri Hac\u0131 Ali Katman, Yenipazar&#8230;<\/p>\n","protected":false},"author":1,"featured_media":94213,"comment_status":"open","ping_status":"open","sticky":false,"template":"","format":"standard","meta":{"_crdt_document":"","footnotes":""},"categories":[1],"tags":[],"class_list":["post-94212","post","type-post","status-publish","format-standard","has-post-thumbnail","hentry","category-guncel"],"_links":{"self":[{"href":"https:\/\/www.egemtv.com\/index.php?rest_route=\/wp\/v2\/posts\/94212","targetHints":{"allow":["GET"]}}],"collection":[{"href":"https:\/\/www.egemtv.com\/index.php?rest_route=\/wp\/v2\/posts"}],"about":[{"href":"https:\/\/www.egemtv.com\/index.php?rest_route=\/wp\/v2\/types\/post"}],"author":[{"embeddable":true,"href":"https:\/\/www.egemtv.com\/index.php?rest_route=\/wp\/v2\/users\/1"}],"replies":[{"embeddable":true,"href":"https:\/\/www.egemtv.com\/index.php?rest_route=%2Fwp%2Fv2%2Fcomments&post=94212"}],"version-history":[{"count":1,"href":"https:\/\/www.egemtv.com\/index.php?rest_route=\/wp\/v2\/posts\/94212\/revisions"}],"predecessor-version":[{"id":94214,"href":"https:\/\/www.egemtv.com\/index.php?rest_route=\/wp\/v2\/posts\/94212\/revisions\/94214"}],"wp:featuredmedia":[{"embeddable":true,"href":"https:\/\/www.egemtv.com\/index.php?rest_route=\/wp\/v2\/media\/94213"}],"wp:attachment":[{"href":"https:\/\/www.egemtv.com\/index.php?rest_route=%2Fwp%2Fv2%2Fmedia&parent=94212"}],"wp:term":[{"taxonomy":"category","embeddable":true,"href":"https:\/\/www.egemtv.com\/index.php?rest_route=%2Fwp%2Fv2%2Fcategories&post=94212"},{"taxonomy":"post_tag","embeddable":true,"href":"https:\/\/www.egemtv.com\/index.php?rest_route=%2Fwp%2Fv2%2Ftags&post=94212"}],"curies":[{"name":"wp","href":"https:\/\/api.w.org\/{rel}","templated":true}]}}