{"id":94209,"date":"2026-03-15T10:34:41","date_gmt":"2026-03-15T07:34:41","guid":{"rendered":"https:\/\/www.egemtv.com\/?p=94209"},"modified":"2026-03-15T10:34:42","modified_gmt":"2026-03-15T07:34:42","slug":"malgac-cayinda-ulasimi-rahatlatan-duzenleme","status":"publish","type":"post","link":"https:\/\/www.egemtv.com\/?p=94209","title":{"rendered":"Malga\u00e7 \u00c7ay\u0131\u2019nda ula\u015f\u0131m\u0131 rahatlatan d\u00fczenleme"},"content":{"rendered":"<p>Ayd\u0131n\u2019\u0131n Sultanhisar il\u00e7esinde Malga\u00e7 \u00c7ay\u0131\u2019n\u0131n So\u011fukkuyu mevkiinde ula\u015f\u0131mda ya\u015fanan zorluklar\u0131n giderilmesi amac\u0131yla yap\u0131lan d\u00fczenlemelerin ard\u0131ndan do\u011fu-bat\u0131 y\u00f6nl\u00fc ge\u00e7i\u015f yeniden trafi\u011fe a\u00e7\u0131ld\u0131.<\/p>\n<p>Sultanhisar Belediyesi taraf\u0131ndan Malga\u00e7 \u00c7ay\u0131\u2019n\u0131n So\u011fukkuyu mevkiinde ula\u015f\u0131m\u0131n daha g\u00fcvenli ve kolay sa\u011flanabilmesi i\u00e7in \u00e7al\u0131\u015fma ger\u00e7ekle\u015ftirildi. Yap\u0131lan d\u00fczenlemeler kapsam\u0131nda b\u00f6lgede do\u011fu-bat\u0131 y\u00f6nl\u00fc ula\u015f\u0131m sa\u011flanarak vatanda\u015flar\u0131n g\u00fcnl\u00fck hayat\u0131n\u0131 kolayla\u015ft\u0131racak bir ad\u0131m at\u0131ld\u0131. Sultanhisar Belediye Ba\u015fkan\u0131 Osman Y\u0131ld\u0131r\u0131mkaya yap\u0131lan \u00e7al\u0131\u015fmayla ilgili yapt\u0131\u011f\u0131 a\u00e7\u0131klamada, &#8220;Malga\u00e7 \u00c7ay\u0131\u2019n\u0131n So\u011fukkuyu mevkiinde ula\u015f\u0131mda zorluk ya\u015fayan vatanda\u015flar\u0131m\u0131z i\u00e7in gerekli d\u00fczenlemeleri yaparak do\u011fu-bat\u0131 y\u00f6nl\u00fc ge\u00e7i\u015fi trafi\u011fe a\u00e7t\u0131k. Vatanda\u015flar\u0131m\u0131z\u0131n g\u00fcnl\u00fck ya\u015fam\u0131n\u0131 kolayla\u015ft\u0131rmak ad\u0131na sahada \u00e7al\u0131\u015fmaya ve gerekli hassasiyeti g\u00f6stermeye devam ediyoruz&#8221; ifadelerine yer verdi.<br \/><\/p>\n","protected":false},"excerpt":{"rendered":"<p>Ayd\u0131n\u2019\u0131n Sultanhisar il\u00e7esinde Malga\u00e7 \u00c7ay\u0131\u2019n\u0131n So\u011fukkuyu mevkiinde ula\u015f\u0131mda ya\u015fanan zorluklar\u0131n giderilmesi amac\u0131yla yap\u0131lan d\u00fczenlemelerin ard\u0131ndan do\u011fu-bat\u0131 y\u00f6nl\u00fc ge\u00e7i\u015f yeniden trafi\u011fe a\u00e7\u0131ld\u0131. Sultanhisar Belediyesi taraf\u0131ndan Malga\u00e7 \u00c7ay\u0131\u2019n\u0131n So\u011fukkuyu mevkiinde ula\u015f\u0131m\u0131n daha g\u00fcvenli ve kolay sa\u011flanabilmesi i\u00e7in \u00e7al\u0131\u015fma ger\u00e7ekle\u015ftirildi. Yap\u0131lan d\u00fczenlemeler kapsam\u0131nda b\u00f6lgede do\u011fu-bat\u0131 y\u00f6nl\u00fc ula\u015f\u0131m sa\u011flanarak vatanda\u015flar\u0131n g\u00fcnl\u00fck hayat\u0131n\u0131 kolayla\u015ft\u0131racak bir ad\u0131m at\u0131ld\u0131. Sultanhisar Belediye Ba\u015fkan\u0131&#8230;<\/p>\n","protected":false},"author":1,"featured_media":94210,"comment_status":"open","ping_status":"open","sticky":false,"template":"","format":"standard","meta":{"_crdt_document":"","footnotes":""},"categories":[1],"tags":[],"class_list":["post-94209","post","type-post","status-publish","format-standard","has-post-thumbnail","hentry","category-guncel"],"_links":{"self":[{"href":"https:\/\/www.egemtv.com\/index.php?rest_route=\/wp\/v2\/posts\/94209","targetHints":{"allow":["GET"]}}],"collection":[{"href":"https:\/\/www.egemtv.com\/index.php?rest_route=\/wp\/v2\/posts"}],"about":[{"href":"https:\/\/www.egemtv.com\/index.php?rest_route=\/wp\/v2\/types\/post"}],"author":[{"embeddable":true,"href":"https:\/\/www.egemtv.com\/index.php?rest_route=\/wp\/v2\/users\/1"}],"replies":[{"embeddable":true,"href":"https:\/\/www.egemtv.com\/index.php?rest_route=%2Fwp%2Fv2%2Fcomments&post=94209"}],"version-history":[{"count":1,"href":"https:\/\/www.egemtv.com\/index.php?rest_route=\/wp\/v2\/posts\/94209\/revisions"}],"predecessor-version":[{"id":94211,"href":"https:\/\/www.egemtv.com\/index.php?rest_route=\/wp\/v2\/posts\/94209\/revisions\/94211"}],"wp:featuredmedia":[{"embeddable":true,"href":"https:\/\/www.egemtv.com\/index.php?rest_route=\/wp\/v2\/media\/94210"}],"wp:attachment":[{"href":"https:\/\/www.egemtv.com\/index.php?rest_route=%2Fwp%2Fv2%2Fmedia&parent=94209"}],"wp:term":[{"taxonomy":"category","embeddable":true,"href":"https:\/\/www.egemtv.com\/index.php?rest_route=%2Fwp%2Fv2%2Fcategories&post=94209"},{"taxonomy":"post_tag","embeddable":true,"href":"https:\/\/www.egemtv.com\/index.php?rest_route=%2Fwp%2Fv2%2Ftags&post=94209"}],"curies":[{"name":"wp","href":"https:\/\/api.w.org\/{rel}","templated":true}]}}