{"id":94206,"date":"2026-03-15T09:54:35","date_gmt":"2026-03-15T06:54:35","guid":{"rendered":"https:\/\/www.egemtv.com\/?p=94206"},"modified":"2026-03-15T09:54:36","modified_gmt":"2026-03-15T06:54:36","slug":"kutahyada-geleneksel-mehter-konseri-ilgi-gordu","status":"publish","type":"post","link":"https:\/\/www.egemtv.com\/?p=94206","title":{"rendered":"K\u00fctahya\u2019da geleneksel mehter konseri ilgi g\u00f6rd\u00fc"},"content":{"rendered":"<p>K\u00fctahya\u2019da Ramazan ay\u0131 dolas\u0131yla d\u00fczenlenen mehter konseri vatanda\u015flardan yo\u011fun ilgi g\u00f6rd\u00fc.<br \/>\n<br \/>K\u00fctahya Mehter Musikisi Derne\u011fi taraf\u0131ndan Ulu Cami \u00f6n\u00fcnde teravih namaz\u0131 sonras\u0131 ger\u00e7ekle\u015ftirilen konser yakla\u015f\u0131k bir saat s\u00fcrd\u00fc. Programda &#8220;\u00c7anakkale T\u00fcrk\u00fcs\u00fc&#8221;, &#8220;\u00d6l\u00fcr\u00fcm T\u00fcrkiyem ve &#8220;H\u00fccum Mar\u015f\u0131&#8221; gibi par\u00e7alar seslendirildi. Vatanda\u015flar konseri ilgiyle takip etti.<br \/>\n<br \/>Dernek Ba\u015fkan\u0131 Selahattin Sar\u0131kaya, Ramazan ay\u0131nda geleneksel hale getirdikleri mehter g\u00f6sterisini bu y\u0131l da ger\u00e7ekle\u015ftirmenin mutlulu\u011funu ya\u015fad\u0131klar\u0131n\u0131 ifade etti.<br \/>\n<br \/>Yakla\u015f\u0131k 30 y\u0131l \u00f6nce kurulan derneklerinin bug\u00fcne kadar bir\u00e7ok k\u00fclt\u00fcrel faaliyete imza att\u0131\u011f\u0131n\u0131 belirten Sar\u0131kaya, &#8220;Amac\u0131m\u0131z, \u015fanl\u0131 tarihimizin bir sembol\u00fc olan mehteri vatanda\u015flara anlatmak ve bu k\u00fclt\u00fcr\u00fc ya\u015fatmak. Halk\u0131m\u0131z\u0131n yo\u011fun ilgisi bizleri sevindirmi\u015ftir&#8221; diye konu\u015ftu<br \/><\/p>\n","protected":false},"excerpt":{"rendered":"<p>K\u00fctahya\u2019da Ramazan ay\u0131 dolas\u0131yla d\u00fczenlenen mehter konseri vatanda\u015flardan yo\u011fun ilgi g\u00f6rd\u00fc. K\u00fctahya Mehter Musikisi Derne\u011fi taraf\u0131ndan Ulu Cami \u00f6n\u00fcnde teravih namaz\u0131 sonras\u0131 ger\u00e7ekle\u015ftirilen konser yakla\u015f\u0131k bir saat s\u00fcrd\u00fc. Programda &#8220;\u00c7anakkale T\u00fcrk\u00fcs\u00fc&#8221;, &#8220;\u00d6l\u00fcr\u00fcm T\u00fcrkiyem ve &#8220;H\u00fccum Mar\u015f\u0131&#8221; gibi par\u00e7alar seslendirildi. Vatanda\u015flar konseri ilgiyle takip etti. Dernek Ba\u015fkan\u0131 Selahattin Sar\u0131kaya, Ramazan ay\u0131nda geleneksel hale getirdikleri mehter g\u00f6sterisini&#8230;<\/p>\n","protected":false},"author":1,"featured_media":94207,"comment_status":"open","ping_status":"open","sticky":false,"template":"","format":"standard","meta":{"_crdt_document":"","footnotes":""},"categories":[123],"tags":[],"class_list":["post-94206","post","type-post","status-publish","format-standard","has-post-thumbnail","hentry","category-gundem"],"_links":{"self":[{"href":"https:\/\/www.egemtv.com\/index.php?rest_route=\/wp\/v2\/posts\/94206","targetHints":{"allow":["GET"]}}],"collection":[{"href":"https:\/\/www.egemtv.com\/index.php?rest_route=\/wp\/v2\/posts"}],"about":[{"href":"https:\/\/www.egemtv.com\/index.php?rest_route=\/wp\/v2\/types\/post"}],"author":[{"embeddable":true,"href":"https:\/\/www.egemtv.com\/index.php?rest_route=\/wp\/v2\/users\/1"}],"replies":[{"embeddable":true,"href":"https:\/\/www.egemtv.com\/index.php?rest_route=%2Fwp%2Fv2%2Fcomments&post=94206"}],"version-history":[{"count":1,"href":"https:\/\/www.egemtv.com\/index.php?rest_route=\/wp\/v2\/posts\/94206\/revisions"}],"predecessor-version":[{"id":94208,"href":"https:\/\/www.egemtv.com\/index.php?rest_route=\/wp\/v2\/posts\/94206\/revisions\/94208"}],"wp:featuredmedia":[{"embeddable":true,"href":"https:\/\/www.egemtv.com\/index.php?rest_route=\/wp\/v2\/media\/94207"}],"wp:attachment":[{"href":"https:\/\/www.egemtv.com\/index.php?rest_route=%2Fwp%2Fv2%2Fmedia&parent=94206"}],"wp:term":[{"taxonomy":"category","embeddable":true,"href":"https:\/\/www.egemtv.com\/index.php?rest_route=%2Fwp%2Fv2%2Fcategories&post=94206"},{"taxonomy":"post_tag","embeddable":true,"href":"https:\/\/www.egemtv.com\/index.php?rest_route=%2Fwp%2Fv2%2Ftags&post=94206"}],"curies":[{"name":"wp","href":"https:\/\/api.w.org\/{rel}","templated":true}]}}