{"id":94203,"date":"2026-03-15T01:14:38","date_gmt":"2026-03-14T22:14:38","guid":{"rendered":"https:\/\/www.egemtv.com\/?p=94203"},"modified":"2026-03-15T01:14:38","modified_gmt":"2026-03-14T22:14:38","slug":"bakan-ciftci-kutahyadaki-iftar-programina-canli-baglanti-ile-katildi","status":"publish","type":"post","link":"https:\/\/www.egemtv.com\/?p=94203","title":{"rendered":"Bakan \u00c7ift\u00e7i, K\u00fctahya\u2019daki iftar program\u0131na canl\u0131 ba\u011flant\u0131 ile kat\u0131ld\u0131"},"content":{"rendered":"<p>K\u00fctahya\u2019da Birlik Vakf\u0131 taraf\u0131ndan d\u00fczenlenen iftar program\u0131na canl\u0131 ba\u011flant\u0131 ile kat\u0131lan \u0130\u00e7i\u015fleri Bakan\u0131 Mustafa \u00c7ift\u00e7i, \u00f6\u011frencilere ve vak\u0131f \u00fcyelerine Ramazan ay\u0131 ve yakla\u015fan bayram dolay\u0131s\u0131yla tebriklerini iletti.<br \/>\n<br \/>Birlik Vakf\u0131 K\u00fctahya \u015eubesi taraf\u0131ndan DP\u00dc Bedesten\u2019de \u00f6\u011frenci ve vak\u0131f \u00fcyelerine y\u00f6nelik d\u00fczenlenen iftar program\u0131na \u0130\u00e7i\u015fleri Bakan\u0131 Mustafa \u00c7ift\u00e7i canl\u0131 ba\u011flant\u0131 ile kat\u0131ld\u0131. Bakan \u00c7ift\u00e7i, programda yer alan \u00f6\u011frenci ve vak\u0131f \u00fcyeleri ile K\u00fctahya Dumlup\u0131nar \u00dcniversitesi Rekt\u00f6r\u00fc Prof. Dr. S\u00fcleyman K\u0131z\u0131ltoprak\u2019\u0131n Ramazan ay\u0131n\u0131 ve yakla\u015fan Ramazan Bayram\u0131\u2019n\u0131 tebrik etti.<br \/>\n<br \/>Programda ayr\u0131ca DP\u00dc Rekt\u00f6r\u00fc Prof. Dr. S\u00fcleyman K\u0131z\u0131ltoprak ile Birlik Vakf\u0131 K\u00fctahya \u015eube Ba\u015fkan\u0131 Ali \u0130hsan \u00d6zdemir de konu\u015fma yapt\u0131. Programda konu\u015fan Rekt\u00f6r Prof. Dr. S\u00fcleyman K\u0131z\u0131ltoprak, Ramazan ay\u0131n\u0131n M\u00fcsl\u00fcmanlar i\u00e7in b\u00fcy\u00fck bir manevi de\u011fer ta\u015f\u0131d\u0131\u011f\u0131n\u0131 ifade ederek, &#8220;Ramazan ay\u0131 takvimlerde s\u0131radan g\u00fcnlerin ge\u00e7ti\u011fi bir ay de\u011fildir. Bizim i\u00e7in m\u00fcbarek bir ayd\u0131r, 11 ay\u0131n sultan\u0131d\u0131r. Her bir g\u00fcn\u00fc bizim i\u00e7in \u00e7ok de\u011ferlidir. Ramazan ay\u0131n\u0131n son g\u00fcnlerini ya\u015f\u0131yoruz ve Kadir Gecesi\u2019nin i\u00e7inde sakl\u0131 oldu\u011fu g\u00fcnlerdeyiz. Rabbim hepimizi Kadir Gecesi\u2019nin s\u0131rr\u0131na eri\u015ftirsin, ibadetlerimizi kabul etsin&#8221; dedi.<br \/>\n<br \/>K\u0131z\u0131ltoprak konu\u015fmas\u0131nda \u0130slam co\u011frafyas\u0131nda ya\u015fanan sava\u015f ve s\u0131k\u0131nt\u0131lara da de\u011finerek, M\u00fcsl\u00fcmanlar\u0131n ya\u015fad\u0131\u011f\u0131 t\u00fcm b\u00f6lgelerde bar\u0131\u015f, \u00f6zg\u00fcrl\u00fck ve adaletin hakim olmas\u0131n\u0131 temenni etti.<br \/>\n<br \/>Ramazan ay\u0131n\u0131n ayn\u0131 zamanda birlik, dayan\u0131\u015fma ve geleneksel de\u011ferlerin yeniden hat\u0131rland\u0131\u011f\u0131 bir d\u00f6nem oldu\u011funu belirten Rekt\u00f6r S\u00fcleyman K\u0131z\u0131ltoprak, bu kapsamda Kur\u2019an-\u0131 Kerim tilaveti, ilahi ve geleneksel k\u00fclt\u00fcrel etkinliklerle Ramazan ruhunun ya\u015fat\u0131lmaya \u00e7al\u0131\u015f\u0131ld\u0131\u011f\u0131n\u0131 ifade etti.<br \/>\n<br \/>Birlik Vakf\u0131 K\u00fctahya \u015eube Ba\u015fkan\u0131 Ali \u0130hsan \u00d6zdemir ise zaman\u0131n h\u0131zl\u0131 ge\u00e7ti\u011fine dikkat \u00e7ekerek \u00f6zellikle \u00fcniversite \u00f6\u011frencilerine seslendi. \u00d6zdemir, \u00f6\u011frencilerin \u00fcniversite y\u0131llar\u0131nda kendilerinden sonra hat\u0131rlanacak izler b\u0131rakmalar\u0131n\u0131n \u00f6nemine vurgu yaparak, bunun sivil toplum faaliyetleri ve hay\u0131r \u00e7al\u0131\u015fmalar\u0131yla m\u00fcmk\u00fcn olabilece\u011fini dile getirdi.<br \/>\n<br \/>\u00d6zdemir, &#8220;Bir bak\u0131yorsunuz birinci s\u0131n\u0131f, bir bak\u0131yorsunuz son s\u0131n\u0131f. \u00d6nemli olan bu s\u00fcre i\u00e7inde g\u00f6n\u00fcllerde bir iz b\u0131rakabilmektir. Bu da sivil toplum faaliyetleri ve hay\u0131r i\u015fleriyle m\u00fcmk\u00fcnd\u00fcr&#8221; ifadelerini kulland\u0131.<br \/><\/p>\n","protected":false},"excerpt":{"rendered":"<p>K\u00fctahya\u2019da Birlik Vakf\u0131 taraf\u0131ndan d\u00fczenlenen iftar program\u0131na canl\u0131 ba\u011flant\u0131 ile kat\u0131lan \u0130\u00e7i\u015fleri Bakan\u0131 Mustafa \u00c7ift\u00e7i, \u00f6\u011frencilere ve vak\u0131f \u00fcyelerine Ramazan ay\u0131 ve yakla\u015fan bayram dolay\u0131s\u0131yla tebriklerini iletti. Birlik Vakf\u0131 K\u00fctahya \u015eubesi taraf\u0131ndan DP\u00dc Bedesten\u2019de \u00f6\u011frenci ve vak\u0131f \u00fcyelerine y\u00f6nelik d\u00fczenlenen iftar program\u0131na \u0130\u00e7i\u015fleri Bakan\u0131 Mustafa \u00c7ift\u00e7i canl\u0131 ba\u011flant\u0131 ile kat\u0131ld\u0131. Bakan \u00c7ift\u00e7i, programda yer alan&#8230;<\/p>\n","protected":false},"author":1,"featured_media":94204,"comment_status":"open","ping_status":"open","sticky":false,"template":"","format":"standard","meta":{"_crdt_document":"","footnotes":""},"categories":[123],"tags":[],"class_list":["post-94203","post","type-post","status-publish","format-standard","has-post-thumbnail","hentry","category-gundem"],"_links":{"self":[{"href":"https:\/\/www.egemtv.com\/index.php?rest_route=\/wp\/v2\/posts\/94203","targetHints":{"allow":["GET"]}}],"collection":[{"href":"https:\/\/www.egemtv.com\/index.php?rest_route=\/wp\/v2\/posts"}],"about":[{"href":"https:\/\/www.egemtv.com\/index.php?rest_route=\/wp\/v2\/types\/post"}],"author":[{"embeddable":true,"href":"https:\/\/www.egemtv.com\/index.php?rest_route=\/wp\/v2\/users\/1"}],"replies":[{"embeddable":true,"href":"https:\/\/www.egemtv.com\/index.php?rest_route=%2Fwp%2Fv2%2Fcomments&post=94203"}],"version-history":[{"count":1,"href":"https:\/\/www.egemtv.com\/index.php?rest_route=\/wp\/v2\/posts\/94203\/revisions"}],"predecessor-version":[{"id":94205,"href":"https:\/\/www.egemtv.com\/index.php?rest_route=\/wp\/v2\/posts\/94203\/revisions\/94205"}],"wp:featuredmedia":[{"embeddable":true,"href":"https:\/\/www.egemtv.com\/index.php?rest_route=\/wp\/v2\/media\/94204"}],"wp:attachment":[{"href":"https:\/\/www.egemtv.com\/index.php?rest_route=%2Fwp%2Fv2%2Fmedia&parent=94203"}],"wp:term":[{"taxonomy":"category","embeddable":true,"href":"https:\/\/www.egemtv.com\/index.php?rest_route=%2Fwp%2Fv2%2Fcategories&post=94203"},{"taxonomy":"post_tag","embeddable":true,"href":"https:\/\/www.egemtv.com\/index.php?rest_route=%2Fwp%2Fv2%2Ftags&post=94203"}],"curies":[{"name":"wp","href":"https:\/\/api.w.org\/{rel}","templated":true}]}}