{"id":94200,"date":"2026-03-15T00:54:40","date_gmt":"2026-03-14T21:54:40","guid":{"rendered":"https:\/\/www.egemtv.com\/?p=94200"},"modified":"2026-03-15T00:54:41","modified_gmt":"2026-03-14T21:54:41","slug":"vali-ozkandan-sehit-ve-gazi-ailelerine-ziyaret","status":"publish","type":"post","link":"https:\/\/www.egemtv.com\/?p=94200","title":{"rendered":"Vali \u00d6zkan\u2019dan \u015fehit ve gazi ailelerine ziyaret"},"content":{"rendered":"<p>Manisa Valisi Vahdettin \u00d6zkan, Ramazan ay\u0131n\u0131n manevi atmosferinde \u015fehit ve gazi aileleri ile vatanda\u015flar\u0131 evlerinde ziyaret ederek birlik, beraberlik ve dayan\u0131\u015fma mesaj\u0131 verdi.<br \/>\n<br \/>Ramazan ay\u0131 kapsam\u0131nda ger\u00e7ekle\u015ftirilen ziyaretlerde ailelerle bir araya gelen Vali \u00d6zkan, vatanda\u015flar\u0131n Ramazan ay\u0131n\u0131 tebrik ederek devletin her zaman yanlar\u0131nda oldu\u011funu vurgulad\u0131. Samimi bir ortamda ger\u00e7ekle\u015fen bulu\u015fmalarda \u015fehitler rahmet ve minnetle an\u0131l\u0131rken, gaziler ve aileleriyle de yak\u0131ndan ilgilenildi.<br \/>\n<br \/>Gazilerin vatan i\u00e7in g\u00f6sterdi\u011fi fedak\u00e2rl\u0131klar\u0131n milletin g\u00f6nl\u00fcnde m\u00fcstesna bir yere sahip oldu\u011funu belirten Vali \u00d6zkan, \u015fehit ve gazi ailelerinin toplumun en k\u0131ymetli emanetleri aras\u0131nda yer ald\u0131\u011f\u0131n\u0131 ifade etti. \u015eehitlerin geride b\u0131rakt\u0131\u011f\u0131 ailelerin kendilerine emanet oldu\u011funu dile getiren \u00d6zkan, devletin her zaman \u015fehit ve gazi ailelerinin yan\u0131nda olmaya devam edece\u011fini s\u00f6yledi.<br \/>\n<br \/>Ramazan ay\u0131n\u0131n payla\u015fma, yard\u0131mla\u015fma ve dayan\u0131\u015fma duygular\u0131n\u0131 g\u00fc\u00e7lendiren \u00f6zel bir zaman oldu\u011funa dikkat \u00e7eken \u00d6zkan, kamu kurumlar\u0131n\u0131n varl\u0131k sebebinin vatanda\u015fa hizmet etmek oldu\u011funu belirtti. Toplumun her kesimiyle g\u00fc\u00e7l\u00fc bir g\u00f6n\u00fcl ba\u011f\u0131 kurman\u0131n \u00f6nemine de\u011finen \u00d6zkan, vatanda\u015flar\u0131n huzur ve refah\u0131n\u0131n \u00f6ncelikleri oldu\u011funu ifade etti.<br \/>\n<br \/>Ziyaretlerde ailelerle yak\u0131ndan ilgilenen Vali \u00d6zkan, Ramazan ay\u0131n\u0131n sa\u011fl\u0131k, huzur ve bereket getirmesi temennisinde bulundu.<br \/><\/p>\n","protected":false},"excerpt":{"rendered":"<p>Manisa Valisi Vahdettin \u00d6zkan, Ramazan ay\u0131n\u0131n manevi atmosferinde \u015fehit ve gazi aileleri ile vatanda\u015flar\u0131 evlerinde ziyaret ederek birlik, beraberlik ve dayan\u0131\u015fma mesaj\u0131 verdi. Ramazan ay\u0131 kapsam\u0131nda ger\u00e7ekle\u015ftirilen ziyaretlerde ailelerle bir araya gelen Vali \u00d6zkan, vatanda\u015flar\u0131n Ramazan ay\u0131n\u0131 tebrik ederek devletin her zaman yanlar\u0131nda oldu\u011funu vurgulad\u0131. Samimi bir ortamda ger\u00e7ekle\u015fen bulu\u015fmalarda \u015fehitler rahmet ve minnetle an\u0131l\u0131rken,&#8230;<\/p>\n","protected":false},"author":1,"featured_media":94201,"comment_status":"open","ping_status":"open","sticky":false,"template":"","format":"standard","meta":{"_crdt_document":"","footnotes":""},"categories":[123],"tags":[],"class_list":["post-94200","post","type-post","status-publish","format-standard","has-post-thumbnail","hentry","category-gundem"],"_links":{"self":[{"href":"https:\/\/www.egemtv.com\/index.php?rest_route=\/wp\/v2\/posts\/94200","targetHints":{"allow":["GET"]}}],"collection":[{"href":"https:\/\/www.egemtv.com\/index.php?rest_route=\/wp\/v2\/posts"}],"about":[{"href":"https:\/\/www.egemtv.com\/index.php?rest_route=\/wp\/v2\/types\/post"}],"author":[{"embeddable":true,"href":"https:\/\/www.egemtv.com\/index.php?rest_route=\/wp\/v2\/users\/1"}],"replies":[{"embeddable":true,"href":"https:\/\/www.egemtv.com\/index.php?rest_route=%2Fwp%2Fv2%2Fcomments&post=94200"}],"version-history":[{"count":1,"href":"https:\/\/www.egemtv.com\/index.php?rest_route=\/wp\/v2\/posts\/94200\/revisions"}],"predecessor-version":[{"id":94202,"href":"https:\/\/www.egemtv.com\/index.php?rest_route=\/wp\/v2\/posts\/94200\/revisions\/94202"}],"wp:featuredmedia":[{"embeddable":true,"href":"https:\/\/www.egemtv.com\/index.php?rest_route=\/wp\/v2\/media\/94201"}],"wp:attachment":[{"href":"https:\/\/www.egemtv.com\/index.php?rest_route=%2Fwp%2Fv2%2Fmedia&parent=94200"}],"wp:term":[{"taxonomy":"category","embeddable":true,"href":"https:\/\/www.egemtv.com\/index.php?rest_route=%2Fwp%2Fv2%2Fcategories&post=94200"},{"taxonomy":"post_tag","embeddable":true,"href":"https:\/\/www.egemtv.com\/index.php?rest_route=%2Fwp%2Fv2%2Ftags&post=94200"}],"curies":[{"name":"wp","href":"https:\/\/api.w.org\/{rel}","templated":true}]}}