{"id":94197,"date":"2026-03-15T00:34:40","date_gmt":"2026-03-14T21:34:40","guid":{"rendered":"https:\/\/www.egemtv.com\/?p=94197"},"modified":"2026-03-15T00:34:42","modified_gmt":"2026-03-14T21:34:42","slug":"aydinlilar-buyuksehirin-iftar-sofrasinda-bir-araya-geldi","status":"publish","type":"post","link":"https:\/\/www.egemtv.com\/?p=94197","title":{"rendered":"Ayd\u0131nl\u0131lar B\u00fcy\u00fck\u015fehir\u2019in iftar sofras\u0131nda bir araya geldi"},"content":{"rendered":"<p>Ayd\u0131n B\u00fcy\u00fck\u015fehir Belediyesi\u2019nin iftar sofralar\u0131nda bir araya gelen vatanda\u015flar, oru\u00e7lar\u0131n\u0131 dualarla a\u00e7t\u0131.<br \/>\n<br \/>Her y\u0131l oldu\u011fu gibi bu y\u0131l da vatanda\u015flar\u0131 iftar sofralar\u0131nda bulu\u015fturan Ayd\u0131n B\u00fcy\u00fck\u015fehir Belediyesi, Ramazan ay\u0131n\u0131n bereketini ve dayan\u0131\u015fma ruhunu Ayd\u0131n\u2019\u0131n d\u00f6rt bir yan\u0131na ta\u015f\u0131may\u0131 s\u00fcrd\u00fcr\u00fcyor. B\u00fcy\u00fck\u015fehir Belediyesi\u2019nin kurdu\u011fu g\u00f6n\u00fcl sofralar\u0131nda her ya\u015ftan vatanda\u015f bir araya geliyor, oru\u00e7lar hep birlikte a\u00e7\u0131l\u0131yor. B\u00fcy\u00fck\u015fehir Belediyesi\u2019nin iftar sofralar\u0131 bug\u00fcn de Efeler il\u00e7esinde Atat\u00fcrk Kent Meydan\u0131\u2019nda ve \u00c7e\u015ftepe Mahallesi\u2019nde, Nazilli il\u00e7esinde 23 Nisan Park\u0131\u2019nda, S\u00f6ke il\u00e7esinde Fevzipa\u015fa Mahallesi\u2019nde, Kuyucak il\u00e7esinde Gencelli Mahallesi\u2019nde, K\u00f6\u015fk il\u00e7esinde Yavuzk\u00f6y Mahallesi\u2019nde ve Ko\u00e7arl\u0131 il\u00e7esinde Kasaplar Mahallesi\u2019nde kuruldu. Mahallelerinde kurulan sofralarda bir araya gelen vatanda\u015flar, Ramazan ay\u0131n\u0131n birlik ve beraberlik ruhunu hep birlikte ya\u015fad\u0131klar\u0131n\u0131 belirterek Ayd\u0131n B\u00fcy\u00fck\u015fehir Belediye Ba\u015fkan\u0131 \u00d6zlem \u00c7er\u00e7io\u011flu\u2019na te\u015fekk\u00fcr etti. Ayd\u0131n B\u00fcy\u00fck\u015fehir Belediyesi, Ramazan ay\u0131 boyunca iftar sofralar\u0131yla Ayd\u0131nl\u0131lar\u0131 bir araya getirmeyi s\u00fcrd\u00fcrecek.<br \/><\/p>\n","protected":false},"excerpt":{"rendered":"<p>Ayd\u0131n B\u00fcy\u00fck\u015fehir Belediyesi\u2019nin iftar sofralar\u0131nda bir araya gelen vatanda\u015flar, oru\u00e7lar\u0131n\u0131 dualarla a\u00e7t\u0131. Her y\u0131l oldu\u011fu gibi bu y\u0131l da vatanda\u015flar\u0131 iftar sofralar\u0131nda bulu\u015fturan Ayd\u0131n B\u00fcy\u00fck\u015fehir Belediyesi, Ramazan ay\u0131n\u0131n bereketini ve dayan\u0131\u015fma ruhunu Ayd\u0131n\u2019\u0131n d\u00f6rt bir yan\u0131na ta\u015f\u0131may\u0131 s\u00fcrd\u00fcr\u00fcyor. B\u00fcy\u00fck\u015fehir Belediyesi\u2019nin kurdu\u011fu g\u00f6n\u00fcl sofralar\u0131nda her ya\u015ftan vatanda\u015f bir araya geliyor, oru\u00e7lar hep birlikte a\u00e7\u0131l\u0131yor. B\u00fcy\u00fck\u015fehir Belediyesi\u2019nin&#8230;<\/p>\n","protected":false},"author":1,"featured_media":94198,"comment_status":"open","ping_status":"open","sticky":false,"template":"","format":"standard","meta":{"_crdt_document":"","footnotes":""},"categories":[1],"tags":[],"class_list":["post-94197","post","type-post","status-publish","format-standard","has-post-thumbnail","hentry","category-guncel"],"_links":{"self":[{"href":"https:\/\/www.egemtv.com\/index.php?rest_route=\/wp\/v2\/posts\/94197","targetHints":{"allow":["GET"]}}],"collection":[{"href":"https:\/\/www.egemtv.com\/index.php?rest_route=\/wp\/v2\/posts"}],"about":[{"href":"https:\/\/www.egemtv.com\/index.php?rest_route=\/wp\/v2\/types\/post"}],"author":[{"embeddable":true,"href":"https:\/\/www.egemtv.com\/index.php?rest_route=\/wp\/v2\/users\/1"}],"replies":[{"embeddable":true,"href":"https:\/\/www.egemtv.com\/index.php?rest_route=%2Fwp%2Fv2%2Fcomments&post=94197"}],"version-history":[{"count":1,"href":"https:\/\/www.egemtv.com\/index.php?rest_route=\/wp\/v2\/posts\/94197\/revisions"}],"predecessor-version":[{"id":94199,"href":"https:\/\/www.egemtv.com\/index.php?rest_route=\/wp\/v2\/posts\/94197\/revisions\/94199"}],"wp:featuredmedia":[{"embeddable":true,"href":"https:\/\/www.egemtv.com\/index.php?rest_route=\/wp\/v2\/media\/94198"}],"wp:attachment":[{"href":"https:\/\/www.egemtv.com\/index.php?rest_route=%2Fwp%2Fv2%2Fmedia&parent=94197"}],"wp:term":[{"taxonomy":"category","embeddable":true,"href":"https:\/\/www.egemtv.com\/index.php?rest_route=%2Fwp%2Fv2%2Fcategories&post=94197"},{"taxonomy":"post_tag","embeddable":true,"href":"https:\/\/www.egemtv.com\/index.php?rest_route=%2Fwp%2Fv2%2Ftags&post=94197"}],"curies":[{"name":"wp","href":"https:\/\/api.w.org\/{rel}","templated":true}]}}