{"id":94191,"date":"2026-03-14T22:56:30","date_gmt":"2026-03-14T19:56:30","guid":{"rendered":"https:\/\/www.egemtv.com\/?p=94191"},"modified":"2026-03-14T22:56:31","modified_gmt":"2026-03-14T19:56:31","slug":"ispartada-kontrolden-cikan-otomobil-yayaya-carpti-1-yarali","status":"publish","type":"post","link":"https:\/\/www.egemtv.com\/?p=94191","title":{"rendered":"Isparta\u2019da kontrolden \u00e7\u0131kan otomobil yayaya \u00e7arpt\u0131: 1 yaral\u0131"},"content":{"rendered":"<p>Isparta\u2019n\u0131n Yalva\u00e7 il\u00e7esinde kontrolden \u00e7\u0131kan otomobilin \u00e7arpt\u0131\u011f\u0131 yaya yaraland\u0131. Kaza an\u0131 g\u00fcvenlik kameras\u0131na yans\u0131d\u0131.<br \/>\n<br \/>Kaza, saat 17.15 s\u0131ralar\u0131nda Yalva\u00e7 il\u00e7esine ba\u011fl\u0131 Hastane Caddesi\u2019nde meydana geldi. Edinilen bilgiye g\u00f6re, M.A.\u2019n\u0131n kontrol\u00fcndeki 32 YN 779 plakal\u0131 Tofa\u015f marka otomobil, s\u00fcr\u00fcc\u00fcs\u00fcn\u00fcn direksiyon hakimiyetini kaybetmesi sonucu yaya F. K.\u2019ya ard\u0131ndan sokak dire\u011fine \u00e7arpt\u0131. Kazada F.K. yaraland\u0131. \u0130hbar \u00fczerine b\u00f6lgeye sa\u011fl\u0131k ve polis ekipleri sevk edildi. Sa\u011fl\u0131k ekiplerinin ilk m\u00fcdahalesinin ard\u0131ndan yaral\u0131, ambulansla Yalva\u00e7 Devlet Hastanesine kald\u0131r\u0131ld\u0131. Kaza an\u0131 ise bir i\u015f yerinin g\u00fcvenlik kameras\u0131na anbean yans\u0131d\u0131.<br \/>\n<br \/>Kazayla ilgili inceleme ba\u015flat\u0131ld\u0131.<br \/><\/p>\n","protected":false},"excerpt":{"rendered":"<p>Isparta\u2019n\u0131n Yalva\u00e7 il\u00e7esinde kontrolden \u00e7\u0131kan otomobilin \u00e7arpt\u0131\u011f\u0131 yaya yaraland\u0131. Kaza an\u0131 g\u00fcvenlik kameras\u0131na yans\u0131d\u0131. Kaza, saat 17.15 s\u0131ralar\u0131nda Yalva\u00e7 il\u00e7esine ba\u011fl\u0131 Hastane Caddesi\u2019nde meydana geldi. Edinilen bilgiye g\u00f6re, M.A.\u2019n\u0131n kontrol\u00fcndeki 32 YN 779 plakal\u0131 Tofa\u015f marka otomobil, s\u00fcr\u00fcc\u00fcs\u00fcn\u00fcn direksiyon hakimiyetini kaybetmesi sonucu yaya F. K.\u2019ya ard\u0131ndan sokak dire\u011fine \u00e7arpt\u0131. Kazada F.K. yaraland\u0131. \u0130hbar \u00fczerine b\u00f6lgeye&#8230;<\/p>\n","protected":false},"author":1,"featured_media":94192,"comment_status":"open","ping_status":"open","sticky":false,"template":"","format":"standard","meta":{"_crdt_document":"","footnotes":""},"categories":[5],"tags":[],"class_list":["post-94191","post","type-post","status-publish","format-standard","has-post-thumbnail","hentry","category-asayis"],"_links":{"self":[{"href":"https:\/\/www.egemtv.com\/index.php?rest_route=\/wp\/v2\/posts\/94191","targetHints":{"allow":["GET"]}}],"collection":[{"href":"https:\/\/www.egemtv.com\/index.php?rest_route=\/wp\/v2\/posts"}],"about":[{"href":"https:\/\/www.egemtv.com\/index.php?rest_route=\/wp\/v2\/types\/post"}],"author":[{"embeddable":true,"href":"https:\/\/www.egemtv.com\/index.php?rest_route=\/wp\/v2\/users\/1"}],"replies":[{"embeddable":true,"href":"https:\/\/www.egemtv.com\/index.php?rest_route=%2Fwp%2Fv2%2Fcomments&post=94191"}],"version-history":[{"count":1,"href":"https:\/\/www.egemtv.com\/index.php?rest_route=\/wp\/v2\/posts\/94191\/revisions"}],"predecessor-version":[{"id":94193,"href":"https:\/\/www.egemtv.com\/index.php?rest_route=\/wp\/v2\/posts\/94191\/revisions\/94193"}],"wp:featuredmedia":[{"embeddable":true,"href":"https:\/\/www.egemtv.com\/index.php?rest_route=\/wp\/v2\/media\/94192"}],"wp:attachment":[{"href":"https:\/\/www.egemtv.com\/index.php?rest_route=%2Fwp%2Fv2%2Fmedia&parent=94191"}],"wp:term":[{"taxonomy":"category","embeddable":true,"href":"https:\/\/www.egemtv.com\/index.php?rest_route=%2Fwp%2Fv2%2Fcategories&post=94191"},{"taxonomy":"post_tag","embeddable":true,"href":"https:\/\/www.egemtv.com\/index.php?rest_route=%2Fwp%2Fv2%2Ftags&post=94191"}],"curies":[{"name":"wp","href":"https:\/\/api.w.org\/{rel}","templated":true}]}}