{"id":94170,"date":"2026-03-14T21:55:21","date_gmt":"2026-03-14T18:55:21","guid":{"rendered":"https:\/\/www.egemtv.com\/?p=94170"},"modified":"2026-03-14T21:55:21","modified_gmt":"2026-03-14T18:55:21","slug":"bakan-uraloglu-ispartada-guzel-isler-yapiliyor","status":"publish","type":"post","link":"https:\/\/www.egemtv.com\/?p=94170","title":{"rendered":"Bakan Uralo\u011flu: &#8220;Isparta\u2019da g\u00fczel i\u015fler yap\u0131l\u0131yor&#8221;"},"content":{"rendered":"<p>Ula\u015ft\u0131rma ve Altyap\u0131 Bakan\u0131 Abdulkadir Uralo\u011flu, Isparta Belediye Ba\u015fkan\u0131 \u015e\u00fckr\u00fc Ba\u015fde\u011firmen\u2019i ziyaret etti. Isparta\u2019n\u0131n iyi yolda oldu\u011funu ve \u015fehirde g\u00fczel i\u015fler yap\u0131ld\u0131\u011f\u0131n\u0131 belirten Bakan Uralo\u011flu, &#8220;Biz de bakanl\u0131k olarak Isparta\u2019m\u0131z\u0131 desteklemeye devam edece\u011fiz&#8221; dedi.<br \/>\n<br \/>\u015eehit Orhan Burak B\u00fcy\u00fck\u00e7ayl\u0131 Farkl\u0131 Seviyeli Kav\u015fa\u011f\u0131 ile D\u00f6rtyol &#8211; \u015earkikaraa\u011fa\u00e7 yolunun a\u00e7\u0131l\u0131\u015f\u0131n\u0131 yapmak \u00fczere Isparta\u2019ya gelen Ula\u015ft\u0131rma ve Altyap\u0131 Bakan\u0131 Abdulkadir Uralo\u011flu, Belediye Ba\u015fkan\u0131 \u015e\u00fckr\u00fc Ba\u015fde\u011firmen\u2019i makam\u0131nda ziyaret etti. Bakan Uralo\u011flu, Isparta Belediyesi ziyaretinde Belediye Ba\u015fkan\u0131 \u015e\u00fckr\u00fc Ba\u015fde\u011firmen ve e\u015fi \u015eadiye Ba\u015fde\u011firmen taraf\u0131ndan kar\u015f\u0131land\u0131. Ziyarete Isparta Valisi Abdullah Erin, AK Parti Milletvekilleri Mehmet U\u011fur G\u00f6kg\u00f6z ve Osman Zabun, AK Parti \u0130l Ba\u015fkan\u0131 Furkan Cem Er, AK Parti Merkez \u0130l\u00e7e Ba\u015fkan\u0131 Halil \u0130brahim G\u00fcle\u00e7, AK Parti Kad\u0131n Kollar\u0131 Ba\u015fkan\u0131 Dilek G\u00fcnd\u00fcz, bakanl\u0131k b\u00fcrokratlar\u0131, belediye meclis \u00fcyeleri ve parti te\u015fkilat mensuplar\u0131 da e\u015flik etti.<\/p>\n<p>&#8220;Arsan\u0131n devrini ald\u0131k otopark ve ticari alan yapaca\u011f\u0131z&#8221;<br \/>\n<br \/>Ziyaretten duydu\u011fu memnuniyetini ifade eden Belediye Ba\u015fkan\u0131 \u015e\u00fckr\u00fc Ba\u015fde\u011firmen, Karaa\u011fa\u00e7 Mahallesi\u2019nde Karayollar\u0131na ait 7 bin 300 metrekarelik bir arazi oldu\u011funu, bu arazinin \u015eehir Hastanesi ve Millet Bah\u00e7esi\u2019nin otopark ihtiyac\u0131n\u0131 kar\u015f\u0131layabilecek bir yer olmas\u0131 dolay\u0131s\u0131yla devrini ald\u0131klar\u0131n\u0131 s\u00f6yledi. Devir s\u00fcrecinde Bakan Uralo\u011flu\u2019nun b\u00fcy\u00fck deste\u011fini g\u00f6rd\u00fcklerine de\u011finen Ba\u015fkan Ba\u015fde\u011firmen, &#8220;Oras\u0131 \u015fimdi bizim atar damar\u0131m\u0131z gibi oldu. Projesini haz\u0131rlad\u0131k. Oray\u0131 yapaca\u011f\u0131z ve \u015eehir Hastanesi ile Millet Bah\u00e7esi\u2019nin otopark sorununu ortadan kald\u0131r\u0131yoruz. 350 ara\u00e7l\u0131k otopark ve ticari alanlar yapaca\u011f\u0131z. Bir\u00e7ok kez say\u0131n bakan\u0131m\u0131z\u0131 hem bakan iken hem de genel m\u00fcd\u00fcrl\u00fc\u011f\u00fc g\u00f6revindeyken ziyaret ettik. Kirazl\u0131tepe\u2019den And\u0131k Deresi\u2019ne giden yolda oto koruma, bariyer laz\u0131m oldu. Ahmet bey ve \u015fimdiki B\u00f6lge M\u00fcd\u00fcr\u00fcm\u00fcz Hasan Bey\u2019i de \u00e7ok kez rahats\u0131z ettim, o bariyerler yap\u0131ld\u0131. Allah raz\u0131 olsun&#8221; dedi.<\/p>\n<p>&#8220;\u015eehrimiz ileriye d\u00f6n\u00fck \u00e7ok g\u00fczel yat\u0131r\u0131mlar al\u0131yor&#8221;<br \/>\n<br \/>\u015eehit Orhan Burak B\u00fcy\u00fck\u00e7ayl\u0131 Farkl\u0131 Seviyeli Kav\u015fa\u011f\u0131\u2019n\u0131n Isparta\u2019n\u0131n b\u00fcy\u00fck eksikli\u011fini giderdi\u011fini ifade eden Ba\u015fkan Ba\u015fde\u011firmen, &#8220;Burdur yolunun az bir kilometresi kald\u0131, in\u015fallah yak\u0131n zamanda bitecek. Konya yolunda \u015earkikaraa\u011fa\u00e7 taraf\u0131nda 22 kilometrelik yolu a\u00e7\u0131yoruz ayn\u0131 zamanda 17 kilometrelik in\u015faat devam ediyor. Antalya\u2019dan Isparta\u2019ya gelen yolda 17 kilometrenin ihalesi yap\u0131ld\u0131 oras\u0131 b\u00f6l\u00fcnm\u00fc\u015f yol olarak yap\u0131l\u0131yor. Isparta\u2019n\u0131n \u00e7evresinde her yer \u015fantiye. Allah raz\u0131 olsun say\u0131n bakan\u0131m\u0131za hassasiyetleri i\u00e7in te\u015fekk\u00fcr ediyorum. Isparta\u2019m\u0131za \u00e7ok g\u00fczel yat\u0131r\u0131mlar yap\u0131l\u0131yor. Ne Isparta\u2019m\u0131z\u0131n i\u00e7inde ne de k\u00f6ylerimizde bir tane \u00e7ukur bulamazs\u0131n\u0131z. K\u00f6ylerimize gidiyoruz, Say\u0131n valimiz, milletvekillerimiz, il \u00f6zel idaremiz, il genel meclisi ba\u015fkan\u0131m\u0131z, te\u015fkilat\u0131m\u0131zla hep beraber problemsiz \u015fehir olsun d\u00fc\u015f\u00fcncesiyle gecemizi g\u00fcnd\u00fcz\u00fcm\u00fcze kat\u0131yoruz. En b\u00fcy\u00fck destek sizlersiniz. Sizlere \u00e7ok te\u015fekk\u00fcr ediyorum. \u0130l ba\u015fkan\u0131m\u0131z, milletvekillerimiz, valimizle beraber ayn\u0131 araca binip Ankara\u2019ya gidip taleplerimiz isteyebiliyoruz. Bu bizim en b\u00fcy\u00fck kazanc\u0131m\u0131z. Kendilerine de \u00e7ok te\u015fekk\u00fcr ediyorum. \u015eehrimiz ileriye d\u00f6n\u00fck \u00e7ok g\u00fczel yat\u0131r\u0131mlar al\u0131yor.  T\u00fcm bakanlar\u0131m\u0131z desteklerini esirgemiyor. Say\u0131n cumhurba\u015fkan\u0131m\u0131za Isparta olarak selamlar\u0131m\u0131z\u0131 g\u00f6t\u00fcrmenizi arzu ediyoruz&#8221; dedi.<\/p>\n<p>&#8220;Isparta\u2019m\u0131z iyi bir yolda&#8221;<br \/>\n<br \/>Ula\u015ft\u0131rma ve Altyap\u0131 Bakan\u0131 Abdulkadir Uralo\u011flu, Isparta ziyareti kapsam\u0131nda Belediye Ba\u015fkan\u0131 \u015e\u00fckr\u00fc Ba\u015fde\u011firmen\u2019e ziyarette bulunduklar\u0131n\u0131 s\u00f6yledi. \u015eehit Orhan Burak B\u00fcy\u00fck\u00e7ayl\u0131 Farkl\u0131 Seviyeli Kav\u015fa\u011f\u0131 ile D\u00f6rtyol &#8211; \u015earkikaraa\u011fa\u00e7 yolunun a\u00e7\u0131l\u0131\u015f\u0131n\u0131 ger\u00e7ekle\u015ftirdiklerini ve \u015fehirde devam eden i\u015fleri konu\u015ftuklar\u0131na de\u011finen Bakan Uralo\u011flu, &#8220;Isparta\u2019m\u0131z\u0131n ihtiya\u00e7lar\u0131 noktas\u0131nda bakanl\u0131\u011f\u0131m\u0131z\u0131n yapabileceklerine ili\u015fkin de\u011ferli belediye ba\u015fkan\u0131m\u0131zla, il ba\u015fkan\u0131m\u0131zla, milletvekillerimiz, valimiz ve \u015fehirdeki bakanl\u0131\u011f\u0131m\u0131z\u0131n y\u00f6neticileriyle beraber gerekli isti\u015farelerde bulunuyoruz. \u0130mkanlar\u0131m\u0131z artt\u0131\u011f\u0131 m\u00fcddet\u00e7e ihtiya\u00e7lar\u0131m\u0131z da art\u0131yor. Ben \u015fu yakla\u015f\u0131m\u0131 do\u011fru bulmuyorum; ihtiya\u00e7lar sonsuzdur, hay\u0131r ihtiya\u00e7larda s\u0131n\u0131rl\u0131d\u0131r. \u0130htiya\u00e7lar s\u00fcrekli geli\u015fmektedir. \u015eunu ka\u00e7\u0131rmamak laz\u0131m bug\u00fcn imkan\u0131n\u0131z yoksa size bir \u015fey l\u00fcks olabilir ama imkan\u0131n\u0131z oldu\u011fu zaman o ihtiya\u00e7 haline d\u00f6n\u00fc\u015f\u00fcr. Bunu da ya\u015f\u0131yoruz. \u00c7ok \u015f\u00fck\u00fcr bir\u00e7ok imkana sahip olduk, ihtiya\u00e7lar\u0131 da art\u0131k kar\u015f\u0131l\u0131yoruz. Isparta\u2019m\u0131z iyi bir yolda. G\u00fczel i\u015fler yap\u0131l\u0131yor biz de bakanl\u0131k olarak Isparta\u2019m\u0131z\u0131 desteklemeye devam edece\u011fiz. Cumhurba\u015fkan\u0131m\u0131z\u0131n ve AK Partimizin Isparta\u2019m\u0131za vermi\u015f oldu\u011fu k\u0131ymet bizim i\u00e7in de \u00f6nemli. Hep beraber ekip olarak Isparta\u2019m\u0131za, \u00fclkemize hizmet etmeye devam edece\u011fiz. Allah yolunuzu, yolumuzu a\u00e7\u0131k etsin&#8221; ifadelerinde bulundu.<br \/><\/p>\n","protected":false},"excerpt":{"rendered":"<p>Ula\u015ft\u0131rma ve Altyap\u0131 Bakan\u0131 Abdulkadir Uralo\u011flu, Isparta Belediye Ba\u015fkan\u0131 \u015e\u00fckr\u00fc Ba\u015fde\u011firmen\u2019i ziyaret etti. Isparta\u2019n\u0131n iyi yolda oldu\u011funu ve \u015fehirde g\u00fczel i\u015fler yap\u0131ld\u0131\u011f\u0131n\u0131 belirten Bakan Uralo\u011flu, &#8220;Biz de bakanl\u0131k olarak Isparta\u2019m\u0131z\u0131 desteklemeye devam edece\u011fiz&#8221; dedi. \u015eehit Orhan Burak B\u00fcy\u00fck\u00e7ayl\u0131 Farkl\u0131 Seviyeli Kav\u015fa\u011f\u0131 ile D\u00f6rtyol &#8211; \u015earkikaraa\u011fa\u00e7 yolunun a\u00e7\u0131l\u0131\u015f\u0131n\u0131 yapmak \u00fczere Isparta\u2019ya gelen Ula\u015ft\u0131rma ve Altyap\u0131 Bakan\u0131&#8230;<\/p>\n","protected":false},"author":1,"featured_media":94171,"comment_status":"open","ping_status":"open","sticky":false,"template":"","format":"standard","meta":{"_crdt_document":"","footnotes":""},"categories":[127],"tags":[],"class_list":["post-94170","post","type-post","status-publish","format-standard","has-post-thumbnail","hentry","category-siyaset"],"_links":{"self":[{"href":"https:\/\/www.egemtv.com\/index.php?rest_route=\/wp\/v2\/posts\/94170","targetHints":{"allow":["GET"]}}],"collection":[{"href":"https:\/\/www.egemtv.com\/index.php?rest_route=\/wp\/v2\/posts"}],"about":[{"href":"https:\/\/www.egemtv.com\/index.php?rest_route=\/wp\/v2\/types\/post"}],"author":[{"embeddable":true,"href":"https:\/\/www.egemtv.com\/index.php?rest_route=\/wp\/v2\/users\/1"}],"replies":[{"embeddable":true,"href":"https:\/\/www.egemtv.com\/index.php?rest_route=%2Fwp%2Fv2%2Fcomments&post=94170"}],"version-history":[{"count":1,"href":"https:\/\/www.egemtv.com\/index.php?rest_route=\/wp\/v2\/posts\/94170\/revisions"}],"predecessor-version":[{"id":94172,"href":"https:\/\/www.egemtv.com\/index.php?rest_route=\/wp\/v2\/posts\/94170\/revisions\/94172"}],"wp:featuredmedia":[{"embeddable":true,"href":"https:\/\/www.egemtv.com\/index.php?rest_route=\/wp\/v2\/media\/94171"}],"wp:attachment":[{"href":"https:\/\/www.egemtv.com\/index.php?rest_route=%2Fwp%2Fv2%2Fmedia&parent=94170"}],"wp:term":[{"taxonomy":"category","embeddable":true,"href":"https:\/\/www.egemtv.com\/index.php?rest_route=%2Fwp%2Fv2%2Fcategories&post=94170"},{"taxonomy":"post_tag","embeddable":true,"href":"https:\/\/www.egemtv.com\/index.php?rest_route=%2Fwp%2Fv2%2Ftags&post=94170"}],"curies":[{"name":"wp","href":"https:\/\/api.w.org\/{rel}","templated":true}]}}