{"id":94167,"date":"2026-03-14T21:34:57","date_gmt":"2026-03-14T18:34:57","guid":{"rendered":"https:\/\/www.egemtv.com\/?p=94167"},"modified":"2026-03-14T21:34:58","modified_gmt":"2026-03-14T18:34:58","slug":"izmirde-taksilerin-indi-bindi-ucreti-180-lira-oldu","status":"publish","type":"post","link":"https:\/\/www.egemtv.com\/?p=94167","title":{"rendered":"\u0130zmir\u2019de taksilerin indi bindi \u00fccreti 180 lira oldu"},"content":{"rendered":"<p>\u0130zmir B\u00fcy\u00fck\u015fehir Belediyesi meclisi taraf\u0131ndan kentte uygulanacak yeni taksimetre \u00fccret tarifesi kabul edildi. Karara g\u00f6re taksilerde bindi indi \u00fccreti 180 liraya y\u00fckseldi.<br \/>\n<br \/>Meclisin d\u00fcn ger\u00e7ekle\u015ftirdi\u011fi toplant\u0131da al\u0131nan kararla taksi \u00fccretlerinde art\u0131\u015fa gidildi. Yeni tarifeyle birlikte a\u00e7\u0131l\u0131\u015f \u00fccreti 34 lira 50 kuru\u015f, kilometre \u00fccreti 49 lira 50 kuru\u015f ve 1 saat bekleme \u00fccreti ise 207 lira olarak belirlendi. Al\u0131nan meclis karar\u0131n\u0131n, \u00f6n\u00fcm\u00fczdeki hafta ba\u015fkanl\u0131k makam\u0131n\u0131n onaylamas\u0131n\u0131n ard\u0131ndan y\u00fcr\u00fcrl\u00fc\u011fe girece\u011fi \u00f6\u011frenildi.<\/p>\n<p>Esnafa bilgilendirme yap\u0131lacak<br \/>\n<br \/>\u0130zmir \u015eof\u00f6rler ve Otomobilciler Esnaf Odas\u0131 Ba\u015fkan\u0131 Erkan \u00d6zkan, s\u00fcrece ili\u015fkin a\u00e7\u0131klama yapt\u0131. Onay s\u00fcrecinin tamamlanmas\u0131n\u0131n ard\u0131ndan oda taraf\u0131ndan yeniden bilgilendirme yap\u0131laca\u011f\u0131n\u0131 belirten \u00d6zkan, taksimetre ayarlar\u0131n\u0131n yeni tarifeye g\u00f6re d\u00fczenlenece\u011fini kaydetti. \u00d6zkan, yeni tarifenin t\u00fcm esnafa hay\u0131rl\u0131 ve bereketli olmas\u0131n\u0131 temenni ederek, kazas\u0131z ve bol kazan\u00e7l\u0131 \u00e7al\u0131\u015fmalar diledi\u011fini s\u00f6yledi.<br \/><\/p>\n","protected":false},"excerpt":{"rendered":"<p>\u0130zmir B\u00fcy\u00fck\u015fehir Belediyesi meclisi taraf\u0131ndan kentte uygulanacak yeni taksimetre \u00fccret tarifesi kabul edildi. Karara g\u00f6re taksilerde bindi indi \u00fccreti 180 liraya y\u00fckseldi. Meclisin d\u00fcn ger\u00e7ekle\u015ftirdi\u011fi toplant\u0131da al\u0131nan kararla taksi \u00fccretlerinde art\u0131\u015fa gidildi. Yeni tarifeyle birlikte a\u00e7\u0131l\u0131\u015f \u00fccreti 34 lira 50 kuru\u015f, kilometre \u00fccreti 49 lira 50 kuru\u015f ve 1 saat bekleme \u00fccreti ise 207 lira&#8230;<\/p>\n","protected":false},"author":1,"featured_media":94168,"comment_status":"open","ping_status":"open","sticky":false,"template":"","format":"standard","meta":{"_crdt_document":"","footnotes":""},"categories":[125],"tags":[],"class_list":["post-94167","post","type-post","status-publish","format-standard","has-post-thumbnail","hentry","category-ekonomi"],"_links":{"self":[{"href":"https:\/\/www.egemtv.com\/index.php?rest_route=\/wp\/v2\/posts\/94167","targetHints":{"allow":["GET"]}}],"collection":[{"href":"https:\/\/www.egemtv.com\/index.php?rest_route=\/wp\/v2\/posts"}],"about":[{"href":"https:\/\/www.egemtv.com\/index.php?rest_route=\/wp\/v2\/types\/post"}],"author":[{"embeddable":true,"href":"https:\/\/www.egemtv.com\/index.php?rest_route=\/wp\/v2\/users\/1"}],"replies":[{"embeddable":true,"href":"https:\/\/www.egemtv.com\/index.php?rest_route=%2Fwp%2Fv2%2Fcomments&post=94167"}],"version-history":[{"count":1,"href":"https:\/\/www.egemtv.com\/index.php?rest_route=\/wp\/v2\/posts\/94167\/revisions"}],"predecessor-version":[{"id":94169,"href":"https:\/\/www.egemtv.com\/index.php?rest_route=\/wp\/v2\/posts\/94167\/revisions\/94169"}],"wp:featuredmedia":[{"embeddable":true,"href":"https:\/\/www.egemtv.com\/index.php?rest_route=\/wp\/v2\/media\/94168"}],"wp:attachment":[{"href":"https:\/\/www.egemtv.com\/index.php?rest_route=%2Fwp%2Fv2%2Fmedia&parent=94167"}],"wp:term":[{"taxonomy":"category","embeddable":true,"href":"https:\/\/www.egemtv.com\/index.php?rest_route=%2Fwp%2Fv2%2Fcategories&post=94167"},{"taxonomy":"post_tag","embeddable":true,"href":"https:\/\/www.egemtv.com\/index.php?rest_route=%2Fwp%2Fv2%2Ftags&post=94167"}],"curies":[{"name":"wp","href":"https:\/\/api.w.org\/{rel}","templated":true}]}}