{"id":94164,"date":"2026-03-14T21:34:56","date_gmt":"2026-03-14T18:34:56","guid":{"rendered":"https:\/\/www.egemtv.com\/?p=94164"},"modified":"2026-03-14T21:34:57","modified_gmt":"2026-03-14T18:34:57","slug":"chp-genel-baskani-ozelden-manisada-buruk-iftar","status":"publish","type":"post","link":"https:\/\/www.egemtv.com\/?p=94164","title":{"rendered":"CHP Genel Ba\u015fkan\u0131 \u00d6zel\u2019den Manisa\u2019da buruk iftar"},"content":{"rendered":"<p>Cumhuriyet Halk Partisi (CHP) Genel Ba\u015fkan\u0131 \u00d6zg\u00fcr \u00d6zel, memleketi Manisa\u2019da kat\u0131ld\u0131\u011f\u0131 iftar program\u0131nda, ge\u00e7ti\u011fimiz y\u0131l birlikte iftar yapt\u0131\u011f\u0131 merhum belediye ba\u015fkanlar\u0131 Ferdi Zeyrek ve G\u00fcl\u015fah Durbay\u2019\u0131 anarak, &#8220;Ge\u00e7en sene bize ev sahipli\u011fi yapm\u0131\u015flard\u0131, bu sene maalesef ikisi de aram\u0131zda yok. \u0130\u00e7imiz yan\u0131yor, y\u00fcre\u011fimiz buruk&#8221; dedi.<br \/>\n<br \/>CHP Genel Ba\u015fkan\u0131 \u00d6zg\u00fcr \u00d6zel, Manisa B\u00fcy\u00fck\u015fehir Belediyesi taraf\u0131ndan kurulan Ramazan \u00e7ad\u0131r\u0131nda vatanda\u015flarla bir araya gelerek iftar a\u00e7t\u0131. \u00d6zel, vatanda\u015flarla tek tek selamla\u015farak Ramazan aylar\u0131n\u0131 tebrik etti. \u0130ftar program\u0131na CHP Genel Ba\u015fkan\u0131 \u00d6zg\u00fcr \u00d6zel\u2019in yan\u0131 s\u0131ra; CHP Manisa Milletvekilleri  Ahmet Vehbi Bak\u0131rl\u0131o\u011flu, Selma Aliye Kavaf, Manisa B\u00fcy\u00fck\u015fehir Belediye Ba\u015fkan\u0131 Besim Dutlulu, CHP Manisa \u0130l Ba\u015fkan\u0131 \u0130lksen \u00d6zalper, il\u00e7e belediye ba\u015fkanlar\u0131 ile \u00e7ok say\u0131da partili ve vatanda\u015f kat\u0131ld\u0131.<br \/>\n<br \/>Ezan\u0131n okunmas\u0131yla birlikte vatanda\u015flarla ayn\u0131 sofrada orucunu a\u00e7an \u00d6zg\u00fcr \u00d6zel, iftar sonras\u0131 gazetecilerin sorular\u0131n\u0131 yan\u0131tlad\u0131. \u00d6zel, &#8220;\u00c7ok zor geldim bu iftara. Hem \u015eehzadeler\u2019in hem de B\u00fcy\u00fck\u015fehirin se\u00e7ilmi\u015f iki belediye ba\u015fkan\u0131, iki karde\u015fim, hem G\u00fcl\u015fah Durbay hem de Ferdi Zeyrek. Ge\u00e7en sene iftarda bize ev sahipli\u011fi yapt\u0131lar biliyorsunuz. Bu sene maalesef ikisi de aram\u0131zda yok. O y\u00fczden i\u00e7imiz yan\u0131yor, y\u00fcre\u011fimiz buruk. Besim ba\u015fkan\u0131m\u0131zla, Hakan ba\u015fkan\u0131m\u0131zla birlikte yapt\u0131k ama sonu\u00e7ta maalesef b\u00fct\u00fcn ya\u015fanan ac\u0131lara ra\u011fmen bu \u00fclkede yoksullara, vatanda\u015flara, kimsesizlere sahip \u00e7\u0131kmak gerekiyor. Hem Ferdi ve G\u00fcl\u015fah\u2019\u0131n b\u0131rakt\u0131\u011f\u0131 hizmetleri kald\u0131\u011f\u0131 yerden devam ettirmek gerekiyor, hem bug\u00fcn ekonomik kriz s\u00fcrecini \u00e7ok iyi y\u00f6netmek gerekiyor. Manisa, ilde en \u00e7ok kent lokantas\u0131 olan, \u0130stanbul\u2019dan sonra ikinci il, yak\u0131nda \u0130stanbul\u2019daki say\u0131ya ula\u015facak. \u0130ftarda t\u00fcm il\u00e7elerde takip ediyorsunuz, il\u00e7elerimizin, b\u00fcy\u00fck\u015fehrimizin iftar programlar\u0131n\u0131. 125 bin ki\u015fiye bug\u00fcne kadar ula\u015f\u0131lm\u0131\u015f, B\u00fcy\u00fck\u015fehir taraf\u0131ndan sadece. \u00c7ok \u00f6nemli bir rakam&#8221; dedi.<\/p>\n<p>&#8220;Bayram namaz\u0131na Manisa\u2019ya yeti\u015fece\u011fiz&#8221;<br \/>\n<br \/>Memleketinde bulunmaktan b\u00fcy\u00fck mutluluk duydu\u011funu dile getiren \u00d6zel, &#8220;B\u00fct\u00fcn hem\u015ferilerimin bir kez daha hem Ramazan\u2019\u0131n\u0131 kutluyorum hem Kadir Gecesi geliyor Pazartesi ak\u015fam\u0131. Kadir Gecelerini kutluyorum. \u0130n\u015fallah Ramazan Bayram\u0131\u2019nda hep birlikte olaca\u011f\u0131z. Yine y\u00fcre\u011fimizin bir taraf\u0131 yan\u0131yor ama Manisa\u2019m\u0131zda hep birlikte olaca\u011f\u0131z. Ben bayram\u0131n birinci g\u00fcn\u00fc sabah erken saatlerde buraya ula\u015fm\u0131\u015f olaca\u011f\u0131m. Bir g\u00fcn \u00f6nce \u0130stanbul\u2019day\u0131z malum. Programlar\u0131m\u0131z, 19 Mart\u2019\u0131n 1\u2019inci y\u0131l d\u00f6n\u00fcm\u00fc de yo\u011fun. 19 Mart gecesi yola \u00e7\u0131k\u0131p sabah in\u015fallah bayram namaz\u0131nda Manisa\u2019ya yeti\u015fmi\u015f olaca\u011f\u0131z&#8221; diye konu\u015ftu.<\/p>\n<p>&#8220;\u00d6mer G\u00fcnel, Ku\u015fadal\u0131lar\u0131n bildi\u011fi gibidir&#8221;<br \/>\n<br \/>Ku\u015fadas\u0131 Belediye Ba\u015fkan\u0131 \u00d6mer G\u00fcnel\u2019in g\u00f6zalt\u0131na al\u0131nmas\u0131yla ilgili soruyu yan\u0131tlayan \u00d6zel, &#8220;\u00d6mer ba\u015fkan niye Ku\u015fadas\u0131\u2019nda, Ayd\u0131n\u2019da de\u011fil de \u0130stanbul\u2019da g\u00f6zalt\u0131nda? \u00c7\u00fcnk\u00fc Cumhuriyet Halk Partisi\u2019ne y\u00f6nelik her t\u00fcrl\u00fc y\u0131pratma operasyonu, \u0130stanbul merkezli y\u00fcr\u00fct\u00fcl\u00fcyor. \u0130kincisi, ne i\u00e7in davet edilip de ya bir belediye ba\u015fkan\u0131 nereye ka\u00e7abilir? O \u015fehrin se\u00e7ilmi\u015f, o \u015fehre hizmet eden belediye ba\u015fkan\u0131. Bu durumlar\u0131n bir tek sebebi var. \u00dc\u00e7 ba\u015fl\u0131k alt\u0131nda bakarsak. Birincisi, topuklu efe diye vaktiyle Ayd\u0131n\u2019\u0131n sevip, \u015fimdi maalesef yaka silkti\u011fi topuklayan efe, kendisiyle ilgili bir tehdit gelince ona direnecek g\u00fcc\u00fc olmayan, o topuklayan efe, Aziz \u0130hsan Akta\u015f davas\u0131ndan kurtulmas\u0131, bu i\u015fin birinci taksidi. \u0130kinci taksidi, a\u00e7\u0131k ve y\u0131llard\u0131r s\u00fcrd\u00fcr\u00fclen soru\u015fturmalar\u0131n apar topar kapanmas\u0131. \u00dc\u00e7\u00fcnc\u00fcs\u00fc de y\u0131llard\u0131r husumet duydu\u011fu \u00d6mer G\u00fcnel\u2019in \u00f6zg\u00fcrl\u00fc\u011f\u00fc, deyim yerindeyse kafas\u0131n\u0131n kopar\u0131lmas\u0131. \u00d6mer G\u00fcnel, Ku\u015fadal\u0131lar\u0131n bildi\u011fi gibidir, Ayd\u0131nl\u0131lar\u0131n bildi\u011fi gibidir. Allah, o \u00d6mer G\u00fcnel\u2019e bunlar\u0131 yapmay\u0131 siyasi pazarl\u0131k konusu yapan topuklayan\u0131 da bildi\u011fi gibi yapacak. \u0130lk se\u00e7imlerde onu elimizden, Ayd\u0131n\u2019\u0131n elinden kimse alamayacak. \u0130lk se\u00e7imlerde onu kimse elimizden alamayacak&#8221; dedi.<br \/><\/p>\n","protected":false},"excerpt":{"rendered":"<p>Cumhuriyet Halk Partisi (CHP) Genel Ba\u015fkan\u0131 \u00d6zg\u00fcr \u00d6zel, memleketi Manisa\u2019da kat\u0131ld\u0131\u011f\u0131 iftar program\u0131nda, ge\u00e7ti\u011fimiz y\u0131l birlikte iftar yapt\u0131\u011f\u0131 merhum belediye ba\u015fkanlar\u0131 Ferdi Zeyrek ve G\u00fcl\u015fah Durbay\u2019\u0131 anarak, &#8220;Ge\u00e7en sene bize ev sahipli\u011fi yapm\u0131\u015flard\u0131, bu sene maalesef ikisi de aram\u0131zda yok. \u0130\u00e7imiz yan\u0131yor, y\u00fcre\u011fimiz buruk&#8221; dedi. CHP Genel Ba\u015fkan\u0131 \u00d6zg\u00fcr \u00d6zel, Manisa B\u00fcy\u00fck\u015fehir Belediyesi taraf\u0131ndan kurulan&#8230;<\/p>\n","protected":false},"author":1,"featured_media":94165,"comment_status":"open","ping_status":"open","sticky":false,"template":"","format":"standard","meta":{"_crdt_document":"","footnotes":""},"categories":[127],"tags":[],"class_list":["post-94164","post","type-post","status-publish","format-standard","has-post-thumbnail","hentry","category-siyaset"],"_links":{"self":[{"href":"https:\/\/www.egemtv.com\/index.php?rest_route=\/wp\/v2\/posts\/94164","targetHints":{"allow":["GET"]}}],"collection":[{"href":"https:\/\/www.egemtv.com\/index.php?rest_route=\/wp\/v2\/posts"}],"about":[{"href":"https:\/\/www.egemtv.com\/index.php?rest_route=\/wp\/v2\/types\/post"}],"author":[{"embeddable":true,"href":"https:\/\/www.egemtv.com\/index.php?rest_route=\/wp\/v2\/users\/1"}],"replies":[{"embeddable":true,"href":"https:\/\/www.egemtv.com\/index.php?rest_route=%2Fwp%2Fv2%2Fcomments&post=94164"}],"version-history":[{"count":1,"href":"https:\/\/www.egemtv.com\/index.php?rest_route=\/wp\/v2\/posts\/94164\/revisions"}],"predecessor-version":[{"id":94166,"href":"https:\/\/www.egemtv.com\/index.php?rest_route=\/wp\/v2\/posts\/94164\/revisions\/94166"}],"wp:featuredmedia":[{"embeddable":true,"href":"https:\/\/www.egemtv.com\/index.php?rest_route=\/wp\/v2\/media\/94165"}],"wp:attachment":[{"href":"https:\/\/www.egemtv.com\/index.php?rest_route=%2Fwp%2Fv2%2Fmedia&parent=94164"}],"wp:term":[{"taxonomy":"category","embeddable":true,"href":"https:\/\/www.egemtv.com\/index.php?rest_route=%2Fwp%2Fv2%2Fcategories&post=94164"},{"taxonomy":"post_tag","embeddable":true,"href":"https:\/\/www.egemtv.com\/index.php?rest_route=%2Fwp%2Fv2%2Ftags&post=94164"}],"curies":[{"name":"wp","href":"https:\/\/api.w.org\/{rel}","templated":true}]}}