{"id":94161,"date":"2026-03-14T20:34:42","date_gmt":"2026-03-14T17:34:42","guid":{"rendered":"https:\/\/www.egemtv.com\/?p=94161"},"modified":"2026-03-14T20:34:43","modified_gmt":"2026-03-14T17:34:43","slug":"efelerde-donum-noktasinda-cumhuriyet-konusuldu","status":"publish","type":"post","link":"https:\/\/www.egemtv.com\/?p=94161","title":{"rendered":"Efeler\u2019de \u2019D\u00f6n\u00fcm Noktas\u0131nda Cumhuriyet\u2019 konu\u015fuldu"},"content":{"rendered":"<p>Efeler Belediye Ba\u015fkan\u0131 An\u0131l Yeti\u015fkin\u2019in \u00f6nc\u00fcl\u00fc\u011f\u00fcnde, Laik ve Bilimsel E\u011fitim Platformu i\u015f birli\u011fiyle d\u00fczenlenen &#8220;D\u00f6n\u00fcm Noktas\u0131nda Cumhuriyet&#8221; ba\u015fl\u0131kl\u0131 s\u00f6yle\u015fi, kentteki Cumhuriyet de\u011ferlerini sahiplenen vatanda\u015flar\u0131 bir araya getirdi.<br \/>\n<br \/>Gazeteci ve yazar Z\u00fclal Kalkandelen, Cumhuriyetin temel ilkeleri, demokrasi ve \u00e7a\u011fda\u015f e\u011fitim \u00fczerine derinlikli bir konu\u015fma yaparak kat\u0131l\u0131mc\u0131lara ufuk a\u00e7\u0131c\u0131 bir s\u00f6yle\u015fi sundu. Etkinli\u011fe olan yo\u011fun ilgi, salonu dolduran Efeler halk\u0131n\u0131n Cumhuriyet de\u011ferlerine verdi\u011fi \u00f6nemi bir kez daha g\u00f6zler \u00f6n\u00fcne serdi. S\u00f6yle\u015fi boyunca g\u00fcncel sorunlar ve Cumhuriyetin gelece\u011fi \u00fczerine yap\u0131lan de\u011ferlendirmeler, kat\u0131l\u0131mc\u0131lar taraf\u0131ndan ilgiyle takip edildi. Program\u0131n sonunda, s\u00f6yle\u015fiden b\u00fcy\u00fck bir memnuniyetle ayr\u0131lan vatanda\u015flar i\u00e7in bir imza g\u00fcn\u00fc d\u00fczenlendi. Z\u00fclal Kalkandelen, okurlar\u0131yla birebir sohbet ederek kitaplar\u0131n\u0131 imzalad\u0131 ve sorular\u0131 yan\u0131tlad\u0131. Etkinlik sonras\u0131 a\u00e7\u0131klamalarda bulunan Ba\u015fkan An\u0131l Yeti\u015fkin; &#8220;Bug\u00fcn, Cumhuriyetimizin de\u011ferlerini k\u0131ymetli bir yazar\u0131m\u0131zla birlikte konu\u015fmak, d\u00fc\u015f\u00fcnsel bir zenginlik katm\u0131\u015ft\u0131r. Hem\u015fehrilerimizin g\u00f6sterdi\u011fi bu yo\u011fun ilgi, gelece\u011fe olan inanc\u0131m\u0131z\u0131 daha da g\u00fc\u00e7lendirdi. Z\u00fclal Kalkandelen\u2019e ve kat\u0131l\u0131m sa\u011flayan t\u00fcm Efeler halk\u0131na te\u015fekk\u00fcr ediyorum&#8221; diyerek etkinli\u011fin toplumsal bir bulu\u015fma noktas\u0131 olmas\u0131n\u0131n sevincini payla\u015ft\u0131.<br \/><\/p>\n","protected":false},"excerpt":{"rendered":"<p>Efeler Belediye Ba\u015fkan\u0131 An\u0131l Yeti\u015fkin\u2019in \u00f6nc\u00fcl\u00fc\u011f\u00fcnde, Laik ve Bilimsel E\u011fitim Platformu i\u015f birli\u011fiyle d\u00fczenlenen &#8220;D\u00f6n\u00fcm Noktas\u0131nda Cumhuriyet&#8221; ba\u015fl\u0131kl\u0131 s\u00f6yle\u015fi, kentteki Cumhuriyet de\u011ferlerini sahiplenen vatanda\u015flar\u0131 bir araya getirdi. Gazeteci ve yazar Z\u00fclal Kalkandelen, Cumhuriyetin temel ilkeleri, demokrasi ve \u00e7a\u011fda\u015f e\u011fitim \u00fczerine derinlikli bir konu\u015fma yaparak kat\u0131l\u0131mc\u0131lara ufuk a\u00e7\u0131c\u0131 bir s\u00f6yle\u015fi sundu. Etkinli\u011fe olan yo\u011fun ilgi, salonu&#8230;<\/p>\n","protected":false},"author":1,"featured_media":94162,"comment_status":"open","ping_status":"open","sticky":false,"template":"","format":"standard","meta":{"_crdt_document":"","footnotes":""},"categories":[1],"tags":[],"class_list":["post-94161","post","type-post","status-publish","format-standard","has-post-thumbnail","hentry","category-guncel"],"_links":{"self":[{"href":"https:\/\/www.egemtv.com\/index.php?rest_route=\/wp\/v2\/posts\/94161","targetHints":{"allow":["GET"]}}],"collection":[{"href":"https:\/\/www.egemtv.com\/index.php?rest_route=\/wp\/v2\/posts"}],"about":[{"href":"https:\/\/www.egemtv.com\/index.php?rest_route=\/wp\/v2\/types\/post"}],"author":[{"embeddable":true,"href":"https:\/\/www.egemtv.com\/index.php?rest_route=\/wp\/v2\/users\/1"}],"replies":[{"embeddable":true,"href":"https:\/\/www.egemtv.com\/index.php?rest_route=%2Fwp%2Fv2%2Fcomments&post=94161"}],"version-history":[{"count":1,"href":"https:\/\/www.egemtv.com\/index.php?rest_route=\/wp\/v2\/posts\/94161\/revisions"}],"predecessor-version":[{"id":94163,"href":"https:\/\/www.egemtv.com\/index.php?rest_route=\/wp\/v2\/posts\/94161\/revisions\/94163"}],"wp:featuredmedia":[{"embeddable":true,"href":"https:\/\/www.egemtv.com\/index.php?rest_route=\/wp\/v2\/media\/94162"}],"wp:attachment":[{"href":"https:\/\/www.egemtv.com\/index.php?rest_route=%2Fwp%2Fv2%2Fmedia&parent=94161"}],"wp:term":[{"taxonomy":"category","embeddable":true,"href":"https:\/\/www.egemtv.com\/index.php?rest_route=%2Fwp%2Fv2%2Fcategories&post=94161"},{"taxonomy":"post_tag","embeddable":true,"href":"https:\/\/www.egemtv.com\/index.php?rest_route=%2Fwp%2Fv2%2Ftags&post=94161"}],"curies":[{"name":"wp","href":"https:\/\/api.w.org\/{rel}","templated":true}]}}