{"id":94158,"date":"2026-03-14T20:15:02","date_gmt":"2026-03-14T17:15:02","guid":{"rendered":"https:\/\/www.egemtv.com\/?p=94158"},"modified":"2026-03-14T20:15:03","modified_gmt":"2026-03-14T17:15:03","slug":"kutahyada-yildizlar-ve-kucukler-il-sampiyonasi-tamamlandi","status":"publish","type":"post","link":"https:\/\/www.egemtv.com\/?p=94158","title":{"rendered":"K\u00fctahya\u2019da Y\u0131ld\u0131zlar ve K\u00fc\u00e7\u00fckler il \u015fampiyonas\u0131 tamamland\u0131"},"content":{"rendered":"<p>K\u00fctahya\u2019da d\u00fczenlenen Okul Sporlar\u0131 Y\u0131ld\u0131zlar ve K\u00fc\u00e7\u00fckler \u0130l \u015eampiyonas\u0131, TOK\u0130 konutlar\u0131 b\u00f6lgesinde ger\u00e7ekle\u015ftirilen zorlu yar\u0131\u015flarla tamamland\u0131. Harita ve pusula yard\u0131m\u0131yla hedefleri bulmaya \u00e7al\u0131\u015fan sporcular, dereceye girmek i\u00e7in k\u0131yas\u0131ya m\u00fccadele etti.<br \/>\n<br \/>Gen\u00e7lik ve Spor \u0130l M\u00fcd\u00fcrl\u00fc\u011f\u00fc taraf\u0131ndan organize edilen Okul Sporlar\u0131 \u0130l \u015eampiyonas\u0131, bu kez K\u00fctahya TOK\u0130 konutlar\u0131 mevkisinde kurulan \u00f6zel parkurda yap\u0131ld\u0131. Y\u0131ld\u0131zlar ve k\u00fc\u00e7\u00fckler kategorisinde yar\u0131\u015fan onlarca sporcu, ellerindeki haritalarla engebeli arazide ve belirlenen hedefler aras\u0131nda strateji geli\u015ftirerek biti\u015f \u00e7izgisine en h\u0131zl\u0131 \u015fekilde ula\u015fmaya \u00e7al\u0131\u015ft\u0131.<br \/>\n<br \/>Do\u011fa ve sporun bulu\u015ftu\u011fu yar\u0131\u015fmada sporcular, hem fiziksel dayan\u0131kl\u0131l\u0131klar\u0131n\u0131 hem de y\u00f6n bulma yeteneklerini sergiledi. M\u00fcsabakalar\u0131n tamamlanmas\u0131n\u0131n ard\u0131ndan d\u00fczenlenen t\u00f6rende, kendi kategorilerinde dereceye giren sporculara kupa ve madalyalar\u0131 takdim edildi. Ba\u015far\u0131 elde eden okullar ve ferdi sporcular, K\u00fctahya\u2019y\u0131 grup m\u00fcsabakalar\u0131nda temsil etme hakk\u0131 kazand\u0131. Derece yapan \u00f6\u011frenciler yar\u0131\u015fman\u0131n kendileri i\u00e7in olduk\u00e7a kolay oldu\u011funu ifade ettiler.<br \/>\n<br \/>Sporcular\u0131 tebrik eden Oryantiring il temsilcisi Nadire Erdin\u00e7 , okul sporlar\u0131n\u0131n gen\u00e7lerin geli\u015fimi \u00fczerindeki \u00f6nemine dikkat \u00e7ekerek, kat\u0131l\u0131m sa\u011flayan t\u00fcm okullara ve antren\u00f6rlere te\u015fekk\u00fcr etti.<br \/><\/p>\n","protected":false},"excerpt":{"rendered":"<p>K\u00fctahya\u2019da d\u00fczenlenen Okul Sporlar\u0131 Y\u0131ld\u0131zlar ve K\u00fc\u00e7\u00fckler \u0130l \u015eampiyonas\u0131, TOK\u0130 konutlar\u0131 b\u00f6lgesinde ger\u00e7ekle\u015ftirilen zorlu yar\u0131\u015flarla tamamland\u0131. Harita ve pusula yard\u0131m\u0131yla hedefleri bulmaya \u00e7al\u0131\u015fan sporcular, dereceye girmek i\u00e7in k\u0131yas\u0131ya m\u00fccadele etti. Gen\u00e7lik ve Spor \u0130l M\u00fcd\u00fcrl\u00fc\u011f\u00fc taraf\u0131ndan organize edilen Okul Sporlar\u0131 \u0130l \u015eampiyonas\u0131, bu kez K\u00fctahya TOK\u0130 konutlar\u0131 mevkisinde kurulan \u00f6zel parkurda yap\u0131ld\u0131. Y\u0131ld\u0131zlar ve k\u00fc\u00e7\u00fckler&#8230;<\/p>\n","protected":false},"author":1,"featured_media":94159,"comment_status":"open","ping_status":"open","sticky":false,"template":"","format":"standard","meta":{"_crdt_document":"","footnotes":""},"categories":[4],"tags":[],"class_list":["post-94158","post","type-post","status-publish","format-standard","has-post-thumbnail","hentry","category-spor"],"_links":{"self":[{"href":"https:\/\/www.egemtv.com\/index.php?rest_route=\/wp\/v2\/posts\/94158","targetHints":{"allow":["GET"]}}],"collection":[{"href":"https:\/\/www.egemtv.com\/index.php?rest_route=\/wp\/v2\/posts"}],"about":[{"href":"https:\/\/www.egemtv.com\/index.php?rest_route=\/wp\/v2\/types\/post"}],"author":[{"embeddable":true,"href":"https:\/\/www.egemtv.com\/index.php?rest_route=\/wp\/v2\/users\/1"}],"replies":[{"embeddable":true,"href":"https:\/\/www.egemtv.com\/index.php?rest_route=%2Fwp%2Fv2%2Fcomments&post=94158"}],"version-history":[{"count":1,"href":"https:\/\/www.egemtv.com\/index.php?rest_route=\/wp\/v2\/posts\/94158\/revisions"}],"predecessor-version":[{"id":94160,"href":"https:\/\/www.egemtv.com\/index.php?rest_route=\/wp\/v2\/posts\/94158\/revisions\/94160"}],"wp:featuredmedia":[{"embeddable":true,"href":"https:\/\/www.egemtv.com\/index.php?rest_route=\/wp\/v2\/media\/94159"}],"wp:attachment":[{"href":"https:\/\/www.egemtv.com\/index.php?rest_route=%2Fwp%2Fv2%2Fmedia&parent=94158"}],"wp:term":[{"taxonomy":"category","embeddable":true,"href":"https:\/\/www.egemtv.com\/index.php?rest_route=%2Fwp%2Fv2%2Fcategories&post=94158"},{"taxonomy":"post_tag","embeddable":true,"href":"https:\/\/www.egemtv.com\/index.php?rest_route=%2Fwp%2Fv2%2Ftags&post=94158"}],"curies":[{"name":"wp","href":"https:\/\/api.w.org\/{rel}","templated":true}]}}