{"id":94146,"date":"2026-03-14T18:35:06","date_gmt":"2026-03-14T15:35:06","guid":{"rendered":"https:\/\/www.egemtv.com\/?p=94146"},"modified":"2026-03-14T18:35:08","modified_gmt":"2026-03-14T15:35:08","slug":"tff-2-lig-aliaga-fk-3-arnavutkoy-belediyespor-0","status":"publish","type":"post","link":"https:\/\/www.egemtv.com\/?p=94146","title":{"rendered":"TFF 2. Lig: Alia\u011fa FK: 3 &#8211; Arnavutk\u00f6y Belediyespor: 0"},"content":{"rendered":"<p>TFF 2. Lig K\u0131rm\u0131z\u0131 Grup\u2019un 28. haftas\u0131nda Alia\u011fa FK, sahas\u0131nda Arnavutk\u00f6y Belediyespor\u2019u 3-0 ma\u011flup etti.<\/p>\n<p>Stat: Alia\u011fa Atat\u00fcrk<br \/>\n<br \/>Hakemler: Mustafa \u00dcnver, \u015e\u00fckr\u00fc Mert, Beran Yal\u00e7\u0131n<br \/>\n<br \/>Alia\u011fa FK: Kubilay Anteplio\u011flu, Veli \u00c7etin (Sergen Pi\u00e7inciol dk. 74), O\u011fuzhan Y\u0131ld\u0131r\u0131m, Erhan Kartal (Yusuf Erdem G\u00fcm\u00fc\u015f dk. 46), Alberk Ko\u00e7, Mertcan A\u00e7\u0131kg\u00f6z (Ahmet \u0130lhan \u00d6zek dk. 67), Burak S\u00fcleyman, Muammer Sar\u0131kaya, Suat Kaya (Harun Kavakl\u0131dere dk. 67), Emre Keskin, Tahir Babao\u011flu (Koray K\u0131l\u0131n\u00e7 dk. 71)<br \/>\n<br \/>Arnavutk\u00f6y Belediyespor: Serta\u00e7 G\u00fczel (Mahmut Eren G\u00fcler dk. 52), An\u0131l \u015eahin, Emre \u00d6zt\u00fcrk, \u00d6mer Faruk Y\u0131lmaz, Sirac Susancak, Talha Bulut (Beraat Do\u011fan Y\u0131ld\u0131z dk. 80), Aykut Emre Yakut, Bora Ayd\u0131nl\u0131k (Atalay Y\u0131ld\u0131r\u0131m dk. 68), Ali Efe \u00c7\u00f6rdek (Furkan Acer dk. 80), Can Ediz Y\u0131ld\u0131z, H\u00fcseyin \u0130kiz (Mehmet Efe \u015eahin dk. 80)<br \/>\n<br \/>Goller: Muammer Sar\u0131kaya (dk. 13), Burak S\u00fcleyman (dk. 17 pen.), Tahir Babao\u011flu (dk. 38) (Alia\u011fa FK),<br \/>\n<br \/>Sar\u0131 kartlar: \u00d6mer Faruk Y\u0131lmaz, Beraat Do\u011fan Y\u0131ld\u0131z (Arnavutk\u00f6y Belediyespor), Tahir Babao\u011flu, Yusuf Erdem G\u00fcm\u00fc\u015f , Koray K\u0131l\u0131n\u00e7 (Alia\u011fa FK)<br \/><\/p>\n","protected":false},"excerpt":{"rendered":"<p>TFF 2. Lig K\u0131rm\u0131z\u0131 Grup\u2019un 28. haftas\u0131nda Alia\u011fa FK, sahas\u0131nda Arnavutk\u00f6y Belediyespor\u2019u 3-0 ma\u011flup etti. Stat: Alia\u011fa Atat\u00fcrk Hakemler: Mustafa \u00dcnver, \u015e\u00fckr\u00fc Mert, Beran Yal\u00e7\u0131n Alia\u011fa FK: Kubilay Anteplio\u011flu, Veli \u00c7etin (Sergen Pi\u00e7inciol dk. 74), O\u011fuzhan Y\u0131ld\u0131r\u0131m, Erhan Kartal (Yusuf Erdem G\u00fcm\u00fc\u015f dk. 46), Alberk Ko\u00e7, Mertcan A\u00e7\u0131kg\u00f6z (Ahmet \u0130lhan \u00d6zek dk. 67), Burak S\u00fcleyman,&#8230;<\/p>\n","protected":false},"author":1,"featured_media":94147,"comment_status":"open","ping_status":"open","sticky":false,"template":"","format":"standard","meta":{"_crdt_document":"","footnotes":""},"categories":[4],"tags":[],"class_list":["post-94146","post","type-post","status-publish","format-standard","has-post-thumbnail","hentry","category-spor"],"_links":{"self":[{"href":"https:\/\/www.egemtv.com\/index.php?rest_route=\/wp\/v2\/posts\/94146","targetHints":{"allow":["GET"]}}],"collection":[{"href":"https:\/\/www.egemtv.com\/index.php?rest_route=\/wp\/v2\/posts"}],"about":[{"href":"https:\/\/www.egemtv.com\/index.php?rest_route=\/wp\/v2\/types\/post"}],"author":[{"embeddable":true,"href":"https:\/\/www.egemtv.com\/index.php?rest_route=\/wp\/v2\/users\/1"}],"replies":[{"embeddable":true,"href":"https:\/\/www.egemtv.com\/index.php?rest_route=%2Fwp%2Fv2%2Fcomments&post=94146"}],"version-history":[{"count":1,"href":"https:\/\/www.egemtv.com\/index.php?rest_route=\/wp\/v2\/posts\/94146\/revisions"}],"predecessor-version":[{"id":94148,"href":"https:\/\/www.egemtv.com\/index.php?rest_route=\/wp\/v2\/posts\/94146\/revisions\/94148"}],"wp:featuredmedia":[{"embeddable":true,"href":"https:\/\/www.egemtv.com\/index.php?rest_route=\/wp\/v2\/media\/94147"}],"wp:attachment":[{"href":"https:\/\/www.egemtv.com\/index.php?rest_route=%2Fwp%2Fv2%2Fmedia&parent=94146"}],"wp:term":[{"taxonomy":"category","embeddable":true,"href":"https:\/\/www.egemtv.com\/index.php?rest_route=%2Fwp%2Fv2%2Fcategories&post=94146"},{"taxonomy":"post_tag","embeddable":true,"href":"https:\/\/www.egemtv.com\/index.php?rest_route=%2Fwp%2Fv2%2Ftags&post=94146"}],"curies":[{"name":"wp","href":"https:\/\/api.w.org\/{rel}","templated":true}]}}