{"id":94143,"date":"2026-03-14T17:14:59","date_gmt":"2026-03-14T14:14:59","guid":{"rendered":"https:\/\/www.egemtv.com\/?p=94143"},"modified":"2026-03-14T17:15:00","modified_gmt":"2026-03-14T14:15:00","slug":"bakan-uraloglu-ispartada-son-24-yilda-ulasima-354-milyar-lira-yatirim-yaptik","status":"publish","type":"post","link":"https:\/\/www.egemtv.com\/?p=94143","title":{"rendered":"Bakan Uralo\u011flu: &#8220;Isparta\u2019da son 24 y\u0131lda ula\u015f\u0131ma 35,4 milyar lira yat\u0131r\u0131m yapt\u0131k&#8221;"},"content":{"rendered":"<p>Ula\u015ft\u0131rma ve Altyap\u0131 Bakan\u0131 Abdulkadir Uralo\u011flu, Isparta\u2019da \u015eehit Orhan Burak B\u00fcy\u00fck\u00e7ayl\u0131 Farkl\u0131 Seviyeli Kav\u015fa\u011f\u0131 ile D\u00f6rtyol\u2013\u015earkikaraa\u011fa\u00e7 Yolu\u2019nun a\u00e7\u0131l\u0131\u015f t\u00f6renine kat\u0131ld\u0131. Uralo\u011flu, &#8220;Isparta\u2019n\u0131n ula\u015f\u0131m ve ileti\u015fim altyap\u0131s\u0131na son 24 y\u0131lda yakla\u015f\u0131k 35,4 milyar lira yat\u0131r\u0131m ger\u00e7ekle\u015ftirdik. Yeni kav\u015fakla trafik ak\u0131\u015f\u0131n\u0131 kesintisiz hale getirdik. Bu iki proje sayesinde \u00fclkemize y\u0131ll\u0131k 175,7 milyon lira tasarruf sa\u011flanacak&#8221; dedi.<br \/>\n<br \/>Ula\u015ft\u0131rma ve Altyap\u0131 Bakan\u0131 Abdulkadir Uralo\u011flu, bir dizi ziyaret ve programa kat\u0131lmak \u00fczere saat 14.00\u2019te S\u00fcleyman Demirel Havaliman\u0131\u2019na geldi. Bakan Uralo\u011flu, havaliman\u0131ndaki kar\u015f\u0131laman\u0131n ard\u0131ndan Isparta Otogar\u0131 yak\u0131n\u0131nda bulunan \u015eehit Orhan Burak B\u00fcy\u00fck\u00e7ayl\u0131 Farkl\u0131 Seviyeli Kav\u015fa\u011f\u0131 ile D\u00f6rtyol\u2013\u015earkikaraa\u011fa\u00e7 Yolu\u2019nun a\u00e7\u0131l\u0131\u015f t\u00f6renine kat\u0131ld\u0131. Tunceli\u2019nin Ovac\u0131k il\u00e7esinde z\u0131rhl\u0131 arac\u0131n devrilmesi sonucu \u015fehit olan \u015eehit Orhan Burak B\u00fcy\u00fck\u00e7ayl\u0131\u2019n\u0131n ad\u0131n\u0131n verildi\u011fi kav\u015fakta d\u00fczenlenen t\u00f6rende, Ispartal\u0131 vatanda\u015flar ve \u015fehidin ailesi ba\u015fta olmak \u00fczere il protokol\u00fc de yer ald\u0131.<\/p>\n<p>&#8220;\u015eehitlerimizin hat\u0131ras\u0131n\u0131 ya\u015fatmak bizim i\u00e7in onurdur&#8221;<br \/>\n<br \/>Ula\u015ft\u0131rma ve Altyap\u0131 Bakan\u0131 Abdulkadir Uralo\u011flu, Isparta\u2019da d\u00fczenlenen a\u00e7\u0131l\u0131\u015f t\u00f6reninde yapt\u0131\u011f\u0131 konu\u015fmada, Ramazan ay\u0131n\u0131n manevi atmosferinde Ispartal\u0131larla bir arada olmaktan memnuniyet duydu\u011funu ifade etti. \u015eehit Orhan Burak B\u00fcy\u00fck\u00e7ayl\u0131\u2019n\u0131n ad\u0131n\u0131n verildi\u011fi kav\u015fa\u011f\u0131n a\u00e7\u0131l\u0131\u015f\u0131n\u0131 ger\u00e7ekle\u015ftirmenin ayr\u0131 bir anlam ta\u015f\u0131d\u0131\u011f\u0131n\u0131 belirten Uralo\u011flu, &#8220;S\u00f6zlerime \u00f6ncelikle vatan\u0131m\u0131z i\u00e7in canlar\u0131n\u0131 feda eden aziz \u015fehitlerimizi rahmetle anarak ba\u015flamak istiyorum. A\u00e7\u0131l\u0131\u015f\u0131n\u0131 yapt\u0131\u011f\u0131m\u0131z k\u00f6pr\u00fcl\u00fc kav\u015fa\u011f\u0131m\u0131za ismini verdi\u011fimiz \u015fehit Jandarma Uzman \u00c7avu\u015f Orhan Burak B\u00fcy\u00fck\u00e7ayl\u0131\u2019y\u0131 da buradan bir kez daha minnetle, rahmetle y\u00e2d ediyorum. Onun hat\u0131ras\u0131n\u0131 ya\u015fatmak, \u015fehitlerimizin emaneti olan topraklar\u0131m\u0131za yak\u0131\u015f\u0131r bir eserle ta\u00e7land\u0131rmak bizim i\u00e7in ayr\u0131 bir onur kayna\u011f\u0131 oldu&#8221; dedi.<\/p>\n<p>&#8220;Son 24 y\u0131lda Isparta\u2019ya 35,4 milyar liral\u0131k ula\u015f\u0131m yat\u0131r\u0131m\u0131 yapt\u0131k&#8221;<br \/>\n<br \/>Isparta\u2019n\u0131n g\u00fcl, lavanta ve elma \u00fcretimiyle d\u00fcnyaca tan\u0131nan \u00f6nemli bir \u015fehir oldu\u011funu vurgulayan Uralo\u011flu, \u015fehrin ula\u015f\u0131m altyap\u0131s\u0131n\u0131n g\u00fc\u00e7lendirilmesine b\u00fcy\u00fck \u00f6nem verdiklerini belirtti. Uralo\u011flu konu\u015fmas\u0131nda, &#8220;Isparta\u2019n\u0131n ula\u015f\u0131m ve ileti\u015fim altyap\u0131s\u0131na son 24 y\u0131lda yakla\u015f\u0131k 35,4 milyar lira yat\u0131r\u0131m ger\u00e7ekle\u015ftirdik. 92 kilometre olan b\u00f6l\u00fcnm\u00fc\u015f yol uzunlu\u011funu 234 kilometreye \u00e7\u0131kard\u0131k. Hi\u00e7 bit\u00fcml\u00fc s\u0131cak kar\u0131\u015f\u0131m kaplamal\u0131 yolu yoktu, 481 kilometre bit\u00fcml\u00fc s\u0131cak kar\u0131\u015f\u0131m kaplamal\u0131 yol yaparak hem\u015ferilerimizi g\u00fcvenli ve konforlu yolculukla tan\u0131\u015ft\u0131rd\u0131k&#8221; ifadelerini kulland\u0131.<\/p>\n<p>&#8220;Yeni kav\u015fakla trafik ak\u0131\u015f\u0131n\u0131 kesintisiz hale getirdik&#8221;<br \/>\n<br \/>\u015eehit Orhan Burak B\u00fcy\u00fck\u00e7ayl\u0131 Farkl\u0131 Seviyeli Kav\u015fa\u011f\u0131 hakk\u0131nda da bilgi veren Bakan Uralo\u011flu, projenin trafik ak\u0131\u015f\u0131na \u00f6nemli katk\u0131 sa\u011flayaca\u011f\u0131n\u0131 s\u00f6yledi. Uralo\u011flu, &#8220;Mevcut haliyle s\u0131\u011f\u0131nma cepli olarak hizmet veren kav\u015fa\u011f\u0131 180 metre uzunlu\u011funda ve 32 metre platform geni\u015fli\u011finde k\u00f6pr\u00fc yakla\u015f\u0131mlar\u0131nda her iki tarafta 360 metre uzunlu\u011funda toprakarme dolgu ile farkl\u0131 seviyeli kav\u015fak haline getirdik. Bu uygulama ile Isparta\u2013Afyon Devlet Yolu\u2019nda trafik ak\u0131\u015f\u0131n\u0131 kesintisiz h\u00e2le getirdik. Proje sayesinde zamandan 83 milyon lira, akaryak\u0131ttan 17 milyon lira olmak \u00fczere y\u0131ll\u0131k toplam 100 milyon lira tasarruf sa\u011flayaca\u011f\u0131z&#8221; dedi.<\/p>\n<p>&#8220;\u0130ki proje ile y\u0131ll\u0131k 175,7 milyon lira tasarruf sa\u011flanacak&#8221;<br \/>\n<br \/>D\u00f6rtyol\u2013\u015earkikaraa\u011fa\u00e7 Yolu\u2019nun da b\u00f6lge ula\u015f\u0131m\u0131 a\u00e7\u0131s\u0131ndan \u00f6nemli bir yat\u0131r\u0131m oldu\u011funu belirten Uralo\u011flu, &#8220;Isparta\u2013Konya Devlet Yolu \u00fczerindeki 22 kilometre uzunlu\u011fundaki D\u00f6rtyol-\u015earkikaraa\u011fa\u00e7 yolumuzla mevcut sathi kaplamal\u0131 b\u00f6l\u00fcnm\u00fc\u015f yolu bit\u00fcml\u00fc s\u0131cak kar\u0131\u015f\u0131m kaplamal\u0131 hale getirerek s\u00fcr\u00fc\u015f ve seyahat konforunu art\u0131rd\u0131k. Bu proje ile Akdeniz\u2019i \u0130\u00e7 Anadolu\u2019ya ba\u011flayan \u00f6nemli bir ula\u015f\u0131m g\u00fczerg\u00e2h\u0131n\u0131 g\u00fc\u00e7lendirdik. A\u00e7\u0131l\u0131\u015f\u0131n\u0131 yapt\u0131\u011f\u0131m\u0131z iki proje ile zamandan 128,2 milyon lira, akaryak\u0131ttan 47,5 milyon lira olmak \u00fczere y\u0131ll\u0131k toplam 175,7 milyon lira tasarruf sa\u011flayaca\u011f\u0131z. Ayr\u0131ca karbon emisyonlar\u0131n\u0131 2 bin 332 ton azaltarak \u00e7evresel s\u00fcrd\u00fcr\u00fclebilirli\u011fe katk\u0131 sunaca\u011f\u0131z&#8221; diye konu\u015ftu.<br \/>\n<br \/>Konu\u015fmalar\u0131n ard\u0131ndan Bakan Uralo\u011flu, \u00fcst ge\u00e7ite ad\u0131 verilen \u015eehit Orhan Burak B\u00fcy\u00fck\u00e7ayl\u0131\u2019n\u0131n ailesine plaket takdim etti. Daha sonra \u015fehit ailesi ve protokol \u00fcyeleriyle birlikte kurdele kesilerek a\u00e7\u0131l\u0131\u015f ger\u00e7ekle\u015ftirildi. A\u00e7\u0131l\u0131\u015f t\u00f6reninin ard\u0131ndan Bakan Uralo\u011flu, \u0130l Koordinasyon Toplant\u0131s\u0131\u2019na kat\u0131lmak \u00fczere Isparta Valili\u011fi\u2019ni ziyaret etti. Program kapsam\u0131nda ayr\u0131ca AK Parti Isparta \u0130l Ba\u015fkanl\u0131\u011f\u0131 ve Isparta Belediye Ba\u015fkanl\u0131\u011f\u0131\u2019n\u0131 ziyaret edecek olan Bakan Uralo\u011flu\u2019nun, g\u00fcn\u00fcn sonunda Isparta Gen\u00e7 \u0130\u015f Adamlar\u0131 Derne\u011fi taraf\u0131ndan d\u00fczenlenen iftar program\u0131na kat\u0131lmas\u0131 planlan\u0131yor.<br \/><\/p>\n","protected":false},"excerpt":{"rendered":"<p>Ula\u015ft\u0131rma ve Altyap\u0131 Bakan\u0131 Abdulkadir Uralo\u011flu, Isparta\u2019da \u015eehit Orhan Burak B\u00fcy\u00fck\u00e7ayl\u0131 Farkl\u0131 Seviyeli Kav\u015fa\u011f\u0131 ile D\u00f6rtyol\u2013\u015earkikaraa\u011fa\u00e7 Yolu\u2019nun a\u00e7\u0131l\u0131\u015f t\u00f6renine kat\u0131ld\u0131. Uralo\u011flu, &#8220;Isparta\u2019n\u0131n ula\u015f\u0131m ve ileti\u015fim altyap\u0131s\u0131na son 24 y\u0131lda yakla\u015f\u0131k 35,4 milyar lira yat\u0131r\u0131m ger\u00e7ekle\u015ftirdik. Yeni kav\u015fakla trafik ak\u0131\u015f\u0131n\u0131 kesintisiz hale getirdik. Bu iki proje sayesinde \u00fclkemize y\u0131ll\u0131k 175,7 milyon lira tasarruf sa\u011flanacak&#8221; dedi. Ula\u015ft\u0131rma&#8230;<\/p>\n","protected":false},"author":1,"featured_media":94144,"comment_status":"open","ping_status":"open","sticky":false,"template":"","format":"standard","meta":{"_crdt_document":"","footnotes":""},"categories":[127],"tags":[],"class_list":["post-94143","post","type-post","status-publish","format-standard","has-post-thumbnail","hentry","category-siyaset"],"_links":{"self":[{"href":"https:\/\/www.egemtv.com\/index.php?rest_route=\/wp\/v2\/posts\/94143","targetHints":{"allow":["GET"]}}],"collection":[{"href":"https:\/\/www.egemtv.com\/index.php?rest_route=\/wp\/v2\/posts"}],"about":[{"href":"https:\/\/www.egemtv.com\/index.php?rest_route=\/wp\/v2\/types\/post"}],"author":[{"embeddable":true,"href":"https:\/\/www.egemtv.com\/index.php?rest_route=\/wp\/v2\/users\/1"}],"replies":[{"embeddable":true,"href":"https:\/\/www.egemtv.com\/index.php?rest_route=%2Fwp%2Fv2%2Fcomments&post=94143"}],"version-history":[{"count":1,"href":"https:\/\/www.egemtv.com\/index.php?rest_route=\/wp\/v2\/posts\/94143\/revisions"}],"predecessor-version":[{"id":94145,"href":"https:\/\/www.egemtv.com\/index.php?rest_route=\/wp\/v2\/posts\/94143\/revisions\/94145"}],"wp:featuredmedia":[{"embeddable":true,"href":"https:\/\/www.egemtv.com\/index.php?rest_route=\/wp\/v2\/media\/94144"}],"wp:attachment":[{"href":"https:\/\/www.egemtv.com\/index.php?rest_route=%2Fwp%2Fv2%2Fmedia&parent=94143"}],"wp:term":[{"taxonomy":"category","embeddable":true,"href":"https:\/\/www.egemtv.com\/index.php?rest_route=%2Fwp%2Fv2%2Fcategories&post=94143"},{"taxonomy":"post_tag","embeddable":true,"href":"https:\/\/www.egemtv.com\/index.php?rest_route=%2Fwp%2Fv2%2Ftags&post=94143"}],"curies":[{"name":"wp","href":"https:\/\/api.w.org\/{rel}","templated":true}]}}