{"id":94140,"date":"2026-03-14T16:34:47","date_gmt":"2026-03-14T13:34:47","guid":{"rendered":"https:\/\/www.egemtv.com\/?p=94140"},"modified":"2026-03-14T16:34:48","modified_gmt":"2026-03-14T13:34:48","slug":"tff-3-lig-karsiyaka-2-ayvalikgucu-belediyespor-0","status":"publish","type":"post","link":"https:\/\/www.egemtv.com\/?p=94140","title":{"rendered":"TFF 3. Lig: Kar\u015f\u0131yaka: 2 &#8211; Ayval\u0131kg\u00fcc\u00fc Belediyespor: 0"},"content":{"rendered":"<p>TFF 3. Lig 4. Grup 25. hafta m\u00fccadelesinde Kar\u015f\u0131yaka, sahas\u0131nda Ayval\u0131kg\u00fcc\u00fc Belediyespor\u2019u 2-0 ma\u011flup etti.<\/p>\n<p>Stat: Alsancak Mustafa Denizli<br \/>\n<br \/>Hakemler: Burak Kamalak, Muhammet O\u011fuzhan \u00d6zta\u015f, Mahmut Can \u00c7ilk\u0131z<br \/>\n<br \/>Kar\u015f\u0131yaka: Muharrem Tunay Meral, Harun Kaya, Ensar Akg\u00fcn, Alpay Ero\u011flu, M\u00fccahit Aslan, H\u0131d\u0131r Aytekin (\u0130lyas Ural dk. 81), Erhan \u00d6zt\u00fcrk, \u00d6mer Faruk Sezgin (Yasin Uzuno\u011flu dk. 75), Adem Ye\u015filyurt (Murat Arslan dk. 46, Tolga \u00dcnl\u00fc dk. 89), H\u00fcseyin G\u00fcnd\u00fcz (Samet Sarg\u0131n dk. 46), Selim Demirci<br \/>\n<br \/>Teknik Direkt\u00f6r: Burhanettin Basatem\u00fcr<br \/>\n<br \/>Ayval\u0131kg\u00fcc\u00fc Belediyespor: Bartu Din\u00e7, Ahmet Aky\u00fcz, Adnan Demir, Erdin\u00e7 \u00c7epo\u011flu, H\u00fcseyin Erkan (Emirhan Ayhan dk. 62), Yavuz Selim Ta\u015fer (Mustafa Durgun dk. 62), Hamit Kurt, Ufuk \u00d6zcan, Ata Kurtulu\u015f, Ya\u011f\u0131z Haydar Do\u011fan (Baha K\u0131sac\u0131k dk. 46, Abd\u00fclkadir \u00c7elik dk. 74), Mustafa Miro\u011flu<br \/>\n<br \/>Teknik Direkt\u00f6r: Mehmet Y\u0131k\u0131lmazda\u011f<br \/>\n<br \/>Goller: \u00d6mer Faruk Sezgin (dk. 44, 71) (Kar\u015f\u0131yaka)<br \/>\n<br \/>K\u0131rm\u0131z\u0131 kartlar: Ata Kurtulu\u015f (Ayval\u0131kg\u00fcc\u00fc Belediyespor)<br \/>\n<br \/>Sar\u0131 Kartlar: Alpay Ero\u011flu, H\u00fcseyin G\u00fcnd\u00fcz, Murat Arslan (Kar\u015f\u0131yaka), Yavuz Selim Ta\u015fer, Ata Kurtulu\u015f, Mustafa Miro\u011flu (Ayval\u0131kg\u00fcc\u00fc Belediyespor)<br \/><\/p>\n","protected":false},"excerpt":{"rendered":"<p>TFF 3. Lig 4. Grup 25. hafta m\u00fccadelesinde Kar\u015f\u0131yaka, sahas\u0131nda Ayval\u0131kg\u00fcc\u00fc Belediyespor\u2019u 2-0 ma\u011flup etti. Stat: Alsancak Mustafa Denizli Hakemler: Burak Kamalak, Muhammet O\u011fuzhan \u00d6zta\u015f, Mahmut Can \u00c7ilk\u0131z Kar\u015f\u0131yaka: Muharrem Tunay Meral, Harun Kaya, Ensar Akg\u00fcn, Alpay Ero\u011flu, M\u00fccahit Aslan, H\u0131d\u0131r Aytekin (\u0130lyas Ural dk. 81), Erhan \u00d6zt\u00fcrk, \u00d6mer Faruk Sezgin (Yasin Uzuno\u011flu dk. 75),&#8230;<\/p>\n","protected":false},"author":1,"featured_media":94141,"comment_status":"open","ping_status":"open","sticky":false,"template":"","format":"standard","meta":{"_crdt_document":"","footnotes":""},"categories":[4],"tags":[],"class_list":["post-94140","post","type-post","status-publish","format-standard","has-post-thumbnail","hentry","category-spor"],"_links":{"self":[{"href":"https:\/\/www.egemtv.com\/index.php?rest_route=\/wp\/v2\/posts\/94140","targetHints":{"allow":["GET"]}}],"collection":[{"href":"https:\/\/www.egemtv.com\/index.php?rest_route=\/wp\/v2\/posts"}],"about":[{"href":"https:\/\/www.egemtv.com\/index.php?rest_route=\/wp\/v2\/types\/post"}],"author":[{"embeddable":true,"href":"https:\/\/www.egemtv.com\/index.php?rest_route=\/wp\/v2\/users\/1"}],"replies":[{"embeddable":true,"href":"https:\/\/www.egemtv.com\/index.php?rest_route=%2Fwp%2Fv2%2Fcomments&post=94140"}],"version-history":[{"count":1,"href":"https:\/\/www.egemtv.com\/index.php?rest_route=\/wp\/v2\/posts\/94140\/revisions"}],"predecessor-version":[{"id":94142,"href":"https:\/\/www.egemtv.com\/index.php?rest_route=\/wp\/v2\/posts\/94140\/revisions\/94142"}],"wp:featuredmedia":[{"embeddable":true,"href":"https:\/\/www.egemtv.com\/index.php?rest_route=\/wp\/v2\/media\/94141"}],"wp:attachment":[{"href":"https:\/\/www.egemtv.com\/index.php?rest_route=%2Fwp%2Fv2%2Fmedia&parent=94140"}],"wp:term":[{"taxonomy":"category","embeddable":true,"href":"https:\/\/www.egemtv.com\/index.php?rest_route=%2Fwp%2Fv2%2Fcategories&post=94140"},{"taxonomy":"post_tag","embeddable":true,"href":"https:\/\/www.egemtv.com\/index.php?rest_route=%2Fwp%2Fv2%2Ftags&post=94140"}],"curies":[{"name":"wp","href":"https:\/\/api.w.org\/{rel}","templated":true}]}}