{"id":94137,"date":"2026-03-14T15:34:46","date_gmt":"2026-03-14T12:34:46","guid":{"rendered":"https:\/\/www.egemtv.com\/?p=94137"},"modified":"2026-03-14T15:34:47","modified_gmt":"2026-03-14T12:34:47","slug":"aydinda-ozel-sporcular-piste-cikti","status":"publish","type":"post","link":"https:\/\/www.egemtv.com\/?p=94137","title":{"rendered":"Ayd\u0131n\u2019da \u00f6zel sporcular piste \u00e7\u0131kt\u0131"},"content":{"rendered":"<p>Ayd\u0131n\u2019da d\u00fczenlenen Okullararas\u0131 Y\u0131ld\u0131zlar ve Gen\u00e7ler \u00d6zel Sporcular Puanl\u0131 Atletizm \u0130l Birincili\u011fi yar\u0131\u015fmalar\u0131nda mental, otizm ve down sendromlu sporcular piste \u00e7\u0131karak hem okullar\u0131 i\u00e7in ter d\u00f6kt\u00fc hem de azimleriyle izleyenlere ilham verdi.<br \/>\n<br \/>Ayd\u0131n\u2019da 2026 Okullararas\u0131 Y\u0131ld\u0131zlar ve Gen\u00e7ler \u00d6zel Sporcular Puanl\u0131 Atletizm \u0130l Birincili\u011fi yar\u0131\u015fmalar\u0131 co\u015fku i\u00e7erisinde ger\u00e7ekle\u015ftirildi. Ayd\u0131n Gen\u00e7lik ve Spor \u0130l M\u00fcd\u00fcrl\u00fc\u011f\u00fc ev sahipli\u011finde Karde\u015fk\u00f6y Atletizm Sahas\u0131\u2019nda d\u00fczenlenen organizasyonda \u00f6zel gereksinimli y\u0131ld\u0131z ve gen\u00e7 sporcular yeteneklerini sergiledi. M\u00fcsabakalarda mental, otizm ve down sendromlu kategorilerinde yar\u0131\u015fan sporcular y\u0131ld\u0131zlar ve gen\u00e7ler ya\u015f gruplar\u0131nda piste \u00e7\u0131kt\u0131. Organizasyonda 100, 200, 400, 800 ve 1500 metre ko\u015fusunun yan\u0131 s\u0131ra uzun atlama ve g\u00fclle atma bran\u015flar\u0131nda yar\u0131\u015fmalar ger\u00e7ekle\u015ftirildi. Sporcular hem k\u0131yas\u0131ya rekabet etti hem de centilmence m\u00fccadeleleriyle dikkat \u00e7ekti.<br \/>\n<br \/>\u0130ncirliova Spor Lisesi, Nazilli \u00d6zel E\u011fitim Okullar\u0131, Nazilli Atat\u00fcrk \u00d6zel E\u011fitim Okullar\u0131 ve S\u00f6ke K\u0131ryarlar \u00d6zel Okullar\u0131 ba\u015fta olmak \u00fczere Ayd\u0131n\u2019\u0131n farkl\u0131 il\u00e7elerinden gelen okullar\u0131n kat\u0131l\u0131m\u0131yla ger\u00e7ekle\u015fen yar\u0131\u015fmalarda sporcular elde ettikleri derecelerle okullar\u0131na puan kazand\u0131rd\u0131. Trib\u00fcnlerdeki aileler ve antren\u00f6rlerin deste\u011fiyle piste \u00e7\u0131kan sporcular, performanslar\u0131yla izleyenlerden alk\u0131\u015f ald\u0131.<br \/>\n<br \/>Yar\u0131\u015fmalar boyunca sporcular\u0131n g\u00f6sterdi\u011fi azim ve m\u00fccadele, sporda engellerin a\u015f\u0131labilece\u011fini bir kez daha ortaya koyarken organizasyon sonunda dereceye giren sporculara madalyalar\u0131 takdim edildi.<br \/>\n<br \/>Ayd\u0131n Gen\u00e7lik ve Spor \u0130l M\u00fcd\u00fcrl\u00fc\u011f\u00fc, yar\u0131\u015fmalara kat\u0131lan t\u00fcm sporcular\u0131, onlar\u0131 destekleyen ailelerini, antren\u00f6rlerini ve okullar\u0131 tebrik ederek \u00f6zel sporcular\u0131n ba\u015far\u0131lar\u0131yla gurur duyduklar\u0131n\u0131 ifade etti.<br \/><\/p>\n","protected":false},"excerpt":{"rendered":"<p>Ayd\u0131n\u2019da d\u00fczenlenen Okullararas\u0131 Y\u0131ld\u0131zlar ve Gen\u00e7ler \u00d6zel Sporcular Puanl\u0131 Atletizm \u0130l Birincili\u011fi yar\u0131\u015fmalar\u0131nda mental, otizm ve down sendromlu sporcular piste \u00e7\u0131karak hem okullar\u0131 i\u00e7in ter d\u00f6kt\u00fc hem de azimleriyle izleyenlere ilham verdi. Ayd\u0131n\u2019da 2026 Okullararas\u0131 Y\u0131ld\u0131zlar ve Gen\u00e7ler \u00d6zel Sporcular Puanl\u0131 Atletizm \u0130l Birincili\u011fi yar\u0131\u015fmalar\u0131 co\u015fku i\u00e7erisinde ger\u00e7ekle\u015ftirildi. Ayd\u0131n Gen\u00e7lik ve Spor \u0130l M\u00fcd\u00fcrl\u00fc\u011f\u00fc ev&#8230;<\/p>\n","protected":false},"author":1,"featured_media":94138,"comment_status":"open","ping_status":"open","sticky":false,"template":"","format":"standard","meta":{"_crdt_document":"","footnotes":""},"categories":[4],"tags":[],"class_list":["post-94137","post","type-post","status-publish","format-standard","has-post-thumbnail","hentry","category-spor"],"_links":{"self":[{"href":"https:\/\/www.egemtv.com\/index.php?rest_route=\/wp\/v2\/posts\/94137","targetHints":{"allow":["GET"]}}],"collection":[{"href":"https:\/\/www.egemtv.com\/index.php?rest_route=\/wp\/v2\/posts"}],"about":[{"href":"https:\/\/www.egemtv.com\/index.php?rest_route=\/wp\/v2\/types\/post"}],"author":[{"embeddable":true,"href":"https:\/\/www.egemtv.com\/index.php?rest_route=\/wp\/v2\/users\/1"}],"replies":[{"embeddable":true,"href":"https:\/\/www.egemtv.com\/index.php?rest_route=%2Fwp%2Fv2%2Fcomments&post=94137"}],"version-history":[{"count":1,"href":"https:\/\/www.egemtv.com\/index.php?rest_route=\/wp\/v2\/posts\/94137\/revisions"}],"predecessor-version":[{"id":94139,"href":"https:\/\/www.egemtv.com\/index.php?rest_route=\/wp\/v2\/posts\/94137\/revisions\/94139"}],"wp:featuredmedia":[{"embeddable":true,"href":"https:\/\/www.egemtv.com\/index.php?rest_route=\/wp\/v2\/media\/94138"}],"wp:attachment":[{"href":"https:\/\/www.egemtv.com\/index.php?rest_route=%2Fwp%2Fv2%2Fmedia&parent=94137"}],"wp:term":[{"taxonomy":"category","embeddable":true,"href":"https:\/\/www.egemtv.com\/index.php?rest_route=%2Fwp%2Fv2%2Fcategories&post=94137"},{"taxonomy":"post_tag","embeddable":true,"href":"https:\/\/www.egemtv.com\/index.php?rest_route=%2Fwp%2Fv2%2Ftags&post=94137"}],"curies":[{"name":"wp","href":"https:\/\/api.w.org\/{rel}","templated":true}]}}