{"id":94131,"date":"2026-03-14T15:14:48","date_gmt":"2026-03-14T12:14:48","guid":{"rendered":"https:\/\/www.egemtv.com\/?p=94131"},"modified":"2026-03-14T15:14:48","modified_gmt":"2026-03-14T12:14:48","slug":"baskan-cercioglundan-tezcana-suc-duyurusu","status":"publish","type":"post","link":"https:\/\/www.egemtv.com\/?p=94131","title":{"rendered":"Ba\u015fkan \u00c7er\u00e7io\u011flu\u2019ndan Tezcan\u2019a su\u00e7 duyurusu"},"content":{"rendered":"<p>Ayd\u0131n B\u00fcy\u00fck\u015fehir Belediye Ba\u015fkan\u0131 \u00d6zlem \u00c7er\u00e7io\u011flu\u2019nun, CHP Ayd\u0131n Milletvekili B\u00fclent Tezcan\u2019\u0131n hakk\u0131nda yapt\u0131\u011f\u0131 a\u00e7\u0131klamalar\u0131n &#8220;ger\u00e7ek d\u0131\u015f\u0131 ve iftira niteli\u011finde&#8221; oldu\u011fu gerek\u00e7esiyle Cumhuriyet Ba\u015fsavc\u0131l\u0131\u011f\u0131\u2019na su\u00e7 duyurusunda bulunaca\u011f\u0131 \u00f6\u011frenildi.<br \/>\n<br \/>Ayd\u0131n B\u00fcy\u00fck\u015fehir Belediye Ba\u015fkan\u0131 \u00d6zlem \u00c7er\u00e7io\u011flu\u2019nun avukat\u0131 Eyl\u00fcl Tanr\u0131verdi taraf\u0131ndan yap\u0131lan yaz\u0131l\u0131 a\u00e7\u0131klamada, CHP Ayd\u0131n Milletvekili B\u00fclent Tezcan\u2019\u0131n Ba\u015fkan \u00c7er\u00e7io\u011flu hakk\u0131nda kamuoyuna yans\u0131yan ifadelerine tepki g\u00f6sterildi. A\u00e7\u0131klamada, s\u00f6z konusu ifadelerin ger\u00e7eklikten uzak ve iftira niteli\u011finde oldu\u011fu belirtilerek, konuya ili\u015fkin hukuki s\u00fcrecin ba\u015flat\u0131laca\u011f\u0131 ifade edildi. Avukat Tanr\u0131verdi a\u00e7\u0131klamas\u0131nda, &#8220;CHP Ayd\u0131n Milletvekili B\u00fclent Tezcan\u2019\u0131n m\u00fcvekkilim Ayd\u0131n B\u00fcy\u00fck\u015fehir Belediye Ba\u015fkan\u0131 \u00d6zlem \u00c7er\u00e7io\u011flu hakk\u0131nda yapm\u0131\u015f oldu\u011fu ger\u00e7eklikten uzak, iftira i\u00e7erikli ifadelerine ili\u015fkin olarak g\u00f6revli Cumhuriyet Ba\u015fsavc\u0131l\u0131\u011f\u0131 nezdinde su\u00e7 duyurusunda bulunulacakt\u0131r&#8221; ifadelerine yer verdi.<br \/><\/p>\n","protected":false},"excerpt":{"rendered":"<p>Ayd\u0131n B\u00fcy\u00fck\u015fehir Belediye Ba\u015fkan\u0131 \u00d6zlem \u00c7er\u00e7io\u011flu\u2019nun, CHP Ayd\u0131n Milletvekili B\u00fclent Tezcan\u2019\u0131n hakk\u0131nda yapt\u0131\u011f\u0131 a\u00e7\u0131klamalar\u0131n &#8220;ger\u00e7ek d\u0131\u015f\u0131 ve iftira niteli\u011finde&#8221; oldu\u011fu gerek\u00e7esiyle Cumhuriyet Ba\u015fsavc\u0131l\u0131\u011f\u0131\u2019na su\u00e7 duyurusunda bulunaca\u011f\u0131 \u00f6\u011frenildi. Ayd\u0131n B\u00fcy\u00fck\u015fehir Belediye Ba\u015fkan\u0131 \u00d6zlem \u00c7er\u00e7io\u011flu\u2019nun avukat\u0131 Eyl\u00fcl Tanr\u0131verdi taraf\u0131ndan yap\u0131lan yaz\u0131l\u0131 a\u00e7\u0131klamada, CHP Ayd\u0131n Milletvekili B\u00fclent Tezcan\u2019\u0131n Ba\u015fkan \u00c7er\u00e7io\u011flu hakk\u0131nda kamuoyuna yans\u0131yan ifadelerine tepki g\u00f6sterildi. A\u00e7\u0131klamada, s\u00f6z&#8230;<\/p>\n","protected":false},"author":1,"featured_media":94132,"comment_status":"open","ping_status":"open","sticky":false,"template":"","format":"standard","meta":{"_crdt_document":"","footnotes":""},"categories":[1],"tags":[],"class_list":["post-94131","post","type-post","status-publish","format-standard","has-post-thumbnail","hentry","category-guncel"],"_links":{"self":[{"href":"https:\/\/www.egemtv.com\/index.php?rest_route=\/wp\/v2\/posts\/94131","targetHints":{"allow":["GET"]}}],"collection":[{"href":"https:\/\/www.egemtv.com\/index.php?rest_route=\/wp\/v2\/posts"}],"about":[{"href":"https:\/\/www.egemtv.com\/index.php?rest_route=\/wp\/v2\/types\/post"}],"author":[{"embeddable":true,"href":"https:\/\/www.egemtv.com\/index.php?rest_route=\/wp\/v2\/users\/1"}],"replies":[{"embeddable":true,"href":"https:\/\/www.egemtv.com\/index.php?rest_route=%2Fwp%2Fv2%2Fcomments&post=94131"}],"version-history":[{"count":1,"href":"https:\/\/www.egemtv.com\/index.php?rest_route=\/wp\/v2\/posts\/94131\/revisions"}],"predecessor-version":[{"id":94133,"href":"https:\/\/www.egemtv.com\/index.php?rest_route=\/wp\/v2\/posts\/94131\/revisions\/94133"}],"wp:featuredmedia":[{"embeddable":true,"href":"https:\/\/www.egemtv.com\/index.php?rest_route=\/wp\/v2\/media\/94132"}],"wp:attachment":[{"href":"https:\/\/www.egemtv.com\/index.php?rest_route=%2Fwp%2Fv2%2Fmedia&parent=94131"}],"wp:term":[{"taxonomy":"category","embeddable":true,"href":"https:\/\/www.egemtv.com\/index.php?rest_route=%2Fwp%2Fv2%2Fcategories&post=94131"},{"taxonomy":"post_tag","embeddable":true,"href":"https:\/\/www.egemtv.com\/index.php?rest_route=%2Fwp%2Fv2%2Ftags&post=94131"}],"curies":[{"name":"wp","href":"https:\/\/api.w.org\/{rel}","templated":true}]}}