{"id":94128,"date":"2026-03-14T15:14:47","date_gmt":"2026-03-14T12:14:47","guid":{"rendered":"https:\/\/www.egemtv.com\/?p=94128"},"modified":"2026-03-14T15:14:47","modified_gmt":"2026-03-14T12:14:47","slug":"motosiklet-surucusu-olumden-dondu","status":"publish","type":"post","link":"https:\/\/www.egemtv.com\/?p=94128","title":{"rendered":"Motosiklet s\u00fcr\u00fcc\u00fcs\u00fc \u00f6l\u00fcmden d\u00f6nd\u00fc"},"content":{"rendered":"<p>Manisa\u2019n\u0131n Akhisar il\u00e7esinde U d\u00f6n\u00fc\u015f\u00fc yapmak isteyen otomobilin motosiklete \u00e7arpmas\u0131 sonras\u0131 motosiklet ve s\u00fcr\u00fcc\u00fcs\u00fc metrelerce savrularak park halindeki arac\u0131n alt\u0131na girdi. Kazada motosiklet s\u00fcr\u00fcc\u00fcs\u00fc yaralan\u0131rken kaza an\u0131 g\u00fcvenlik kameralar\u0131 taraf\u0131ndan saniye saniye kaydedildi.<br \/>\n<br \/>Kaza Manisa\u2019n\u0131n Akhisar il\u00e7esinde meydana geldi. Edinilen bilgiye g\u00f6re 45 HA 2401 plakal\u0131 otomobil U d\u00f6n\u00fc\u015f\u00fc yapmak istedi\u011fi s\u0131rada kendi \u015feridinde ilerleyen Yusuf Talha Alan idaresindeki motosiklete \u00e7arpt\u0131. \u00c7arpman\u0131n etkisiyle savrulan motosiklet ve s\u00fcr\u00fcc\u00fc Yusuf Talha Alan metrelerce ilerde park halinde bulunan ba\u015fka bir arac\u0131n alt\u0131na girdi. \u00c7evredekilerin ihbar\u0131 \u00fczerine olay yerine sa\u011fl\u0131k ekipleri sevk edildi. Ekipler taraf\u0131ndan ilk m\u00fcdahalesi olay yerinde yap\u0131lan motosiklet s\u00fcr\u00fcc\u00fcs\u00fc Yusuf Talha Alan, hastaneye kald\u0131r\u0131ld\u0131.<br \/>\n<br \/>Alan\u2019\u0131n sa\u011fl\u0131k durumunun iyi oldu\u011fu \u00f6\u011frenilirken kazayla ilgili soru\u015fturma ba\u015flat\u0131ld\u0131.<br \/>\n<br \/>\u00d6te yandan, ya\u015fanan kaza \u00e7evredeki g\u00fcvenlik kameralar\u0131 taraf\u0131ndan saniye saniye kaydedildi. G\u00f6r\u00fcnt\u00fclerde 45 HA 2401 plakal\u0131 arac\u0131n U d\u00f6n\u00fc\u015f\u00fc yapmak isterken motosiklete \u00e7arpmas\u0131 ve motosikletin yolda s\u00fcr\u00fcklenerek ba\u015fka bir arac\u0131n alt\u0131na girmesi yer ald\u0131. Kazay\u0131 g\u00f6ren \u00e7evredekiler de olay yerine gelerek s\u00fcr\u00fcc\u00fc Alan\u2019a yard\u0131m etmesi dikkat \u00e7ekti.<br \/><\/p>\n","protected":false},"excerpt":{"rendered":"<p>Manisa\u2019n\u0131n Akhisar il\u00e7esinde U d\u00f6n\u00fc\u015f\u00fc yapmak isteyen otomobilin motosiklete \u00e7arpmas\u0131 sonras\u0131 motosiklet ve s\u00fcr\u00fcc\u00fcs\u00fc metrelerce savrularak park halindeki arac\u0131n alt\u0131na girdi. Kazada motosiklet s\u00fcr\u00fcc\u00fcs\u00fc yaralan\u0131rken kaza an\u0131 g\u00fcvenlik kameralar\u0131 taraf\u0131ndan saniye saniye kaydedildi. Kaza Manisa\u2019n\u0131n Akhisar il\u00e7esinde meydana geldi. Edinilen bilgiye g\u00f6re 45 HA 2401 plakal\u0131 otomobil U d\u00f6n\u00fc\u015f\u00fc yapmak istedi\u011fi s\u0131rada kendi \u015feridinde ilerleyen&#8230;<\/p>\n","protected":false},"author":1,"featured_media":94129,"comment_status":"open","ping_status":"open","sticky":false,"template":"","format":"standard","meta":{"_crdt_document":"","footnotes":""},"categories":[5],"tags":[],"class_list":["post-94128","post","type-post","status-publish","format-standard","has-post-thumbnail","hentry","category-asayis"],"_links":{"self":[{"href":"https:\/\/www.egemtv.com\/index.php?rest_route=\/wp\/v2\/posts\/94128","targetHints":{"allow":["GET"]}}],"collection":[{"href":"https:\/\/www.egemtv.com\/index.php?rest_route=\/wp\/v2\/posts"}],"about":[{"href":"https:\/\/www.egemtv.com\/index.php?rest_route=\/wp\/v2\/types\/post"}],"author":[{"embeddable":true,"href":"https:\/\/www.egemtv.com\/index.php?rest_route=\/wp\/v2\/users\/1"}],"replies":[{"embeddable":true,"href":"https:\/\/www.egemtv.com\/index.php?rest_route=%2Fwp%2Fv2%2Fcomments&post=94128"}],"version-history":[{"count":1,"href":"https:\/\/www.egemtv.com\/index.php?rest_route=\/wp\/v2\/posts\/94128\/revisions"}],"predecessor-version":[{"id":94130,"href":"https:\/\/www.egemtv.com\/index.php?rest_route=\/wp\/v2\/posts\/94128\/revisions\/94130"}],"wp:featuredmedia":[{"embeddable":true,"href":"https:\/\/www.egemtv.com\/index.php?rest_route=\/wp\/v2\/media\/94129"}],"wp:attachment":[{"href":"https:\/\/www.egemtv.com\/index.php?rest_route=%2Fwp%2Fv2%2Fmedia&parent=94128"}],"wp:term":[{"taxonomy":"category","embeddable":true,"href":"https:\/\/www.egemtv.com\/index.php?rest_route=%2Fwp%2Fv2%2Fcategories&post=94128"},{"taxonomy":"post_tag","embeddable":true,"href":"https:\/\/www.egemtv.com\/index.php?rest_route=%2Fwp%2Fv2%2Ftags&post=94128"}],"curies":[{"name":"wp","href":"https:\/\/api.w.org\/{rel}","templated":true}]}}