{"id":94122,"date":"2026-03-14T14:54:58","date_gmt":"2026-03-14T11:54:58","guid":{"rendered":"https:\/\/www.egemtv.com\/?p=94122"},"modified":"2026-03-14T14:54:58","modified_gmt":"2026-03-14T11:54:58","slug":"salihlide-ogrencilerin-hayal-gucunu-gelistirecek-resim-atolyesi-acildi","status":"publish","type":"post","link":"https:\/\/www.egemtv.com\/?p=94122","title":{"rendered":"Salihli\u2019de \u00f6\u011frencilerin hayal g\u00fcc\u00fcn\u00fc geli\u015ftirecek resim at\u00f6lyesi a\u00e7\u0131ld\u0131"},"content":{"rendered":"<p>Manisa\u2019n\u0131n Salihli il\u00e7esinde Kaymakaml\u0131k taraf\u0131ndan y\u00fcr\u00fct\u00fclen Salihli E\u011fitime Destek Projesi \u00e7er\u00e7evesinde, Ova K\u00fcme Evleri \u0130lk\u00f6\u011fretim Okulu b\u00fcnyesinde olu\u015fturulan resim at\u00f6lyesi d\u00fczenlenen t\u00f6renle hizmete a\u00e7\u0131ld\u0131.<br \/>\n<br \/>A\u00e7\u0131l\u0131\u015f program\u0131na Kaymakam Ali G\u00fcldo\u011fan, Belediye Ba\u015fkan Yard\u0131mc\u0131s\u0131 Yavuz \u00d6zdem, Ticaret ve Sanayi Odas\u0131 Ba\u015fkan\u0131 \u0130brahim Y\u00fcksel, \u0130l\u00e7e Jandarma Komutan\u0131 Binba\u015f\u0131 Do\u011fukan Karaaslan, \u0130l\u00e7e Milli E\u011fitim M\u00fcd\u00fcr\u00fc Mahmut Yenen ve \u0130l\u00e7e Emniyet M\u00fcd\u00fcr Vekili \u00d6zg\u00fcr K\u0131l\u0131n\u00e7 kat\u0131ld\u0131. Protokol \u00fcyeleri a\u00e7\u0131l\u0131\u015f\u0131n ard\u0131ndan at\u00f6lyede incelemelerde bulunarak yetkililerden bilgi ald\u0131. Program kapsam\u0131nda \u00f6\u011frenciler taraf\u0131ndan haz\u0131rlanan resimler de incelendi. \u00d6\u011frencilerle bir s\u00fcre sohbet eden Kaymakam Ali G\u00fcldo\u011fan, sanat faaliyetlerinin \u00e7ocuklar\u0131n hayal g\u00fcc\u00fcn\u00fc geli\u015ftirdi\u011fini ve ki\u015fisel geli\u015fimlerine \u00f6nemli katk\u0131lar sa\u011flad\u0131\u011f\u0131n\u0131 ifade etti.<br \/>\n<br \/>Kaymakam G\u00fcldo\u011fan ayr\u0131ca, Salihli E\u011fitime Destek Projesi kapsam\u0131nda e\u011fitim kurumlar\u0131n\u0131n fiziki imkanlar\u0131n\u0131 geli\u015ftirmeye y\u00f6nelik \u00e7al\u0131\u015fmalar\u0131n devam edece\u011fini belirterek, olu\u015fturulan resim at\u00f6lyesinin \u00f6\u011frencilerin sanatsal yeteneklerini ortaya \u00e7\u0131karmalar\u0131 a\u00e7\u0131s\u0131ndan \u00f6nemli bir f\u0131rsat sundu\u011funu vurgulad\u0131.<br \/>\n<br \/>Yeni olu\u015fturulan at\u00f6lye sayesinde \u00f6\u011frenciler, resim ve sanat \u00e7al\u0131\u015fmalar\u0131n\u0131 daha uygun bir ortamda ger\u00e7ekle\u015ftirerek yeteneklerini geli\u015ftirme imkan\u0131 bulacak.<br \/><\/p>\n","protected":false},"excerpt":{"rendered":"<p>Manisa\u2019n\u0131n Salihli il\u00e7esinde Kaymakaml\u0131k taraf\u0131ndan y\u00fcr\u00fct\u00fclen Salihli E\u011fitime Destek Projesi \u00e7er\u00e7evesinde, Ova K\u00fcme Evleri \u0130lk\u00f6\u011fretim Okulu b\u00fcnyesinde olu\u015fturulan resim at\u00f6lyesi d\u00fczenlenen t\u00f6renle hizmete a\u00e7\u0131ld\u0131. A\u00e7\u0131l\u0131\u015f program\u0131na Kaymakam Ali G\u00fcldo\u011fan, Belediye Ba\u015fkan Yard\u0131mc\u0131s\u0131 Yavuz \u00d6zdem, Ticaret ve Sanayi Odas\u0131 Ba\u015fkan\u0131 \u0130brahim Y\u00fcksel, \u0130l\u00e7e Jandarma Komutan\u0131 Binba\u015f\u0131 Do\u011fukan Karaaslan, \u0130l\u00e7e Milli E\u011fitim M\u00fcd\u00fcr\u00fc Mahmut Yenen ve \u0130l\u00e7e&#8230;<\/p>\n","protected":false},"author":1,"featured_media":94123,"comment_status":"open","ping_status":"open","sticky":false,"template":"","format":"standard","meta":{"_crdt_document":"","footnotes":""},"categories":[1],"tags":[],"class_list":["post-94122","post","type-post","status-publish","format-standard","has-post-thumbnail","hentry","category-guncel"],"_links":{"self":[{"href":"https:\/\/www.egemtv.com\/index.php?rest_route=\/wp\/v2\/posts\/94122","targetHints":{"allow":["GET"]}}],"collection":[{"href":"https:\/\/www.egemtv.com\/index.php?rest_route=\/wp\/v2\/posts"}],"about":[{"href":"https:\/\/www.egemtv.com\/index.php?rest_route=\/wp\/v2\/types\/post"}],"author":[{"embeddable":true,"href":"https:\/\/www.egemtv.com\/index.php?rest_route=\/wp\/v2\/users\/1"}],"replies":[{"embeddable":true,"href":"https:\/\/www.egemtv.com\/index.php?rest_route=%2Fwp%2Fv2%2Fcomments&post=94122"}],"version-history":[{"count":1,"href":"https:\/\/www.egemtv.com\/index.php?rest_route=\/wp\/v2\/posts\/94122\/revisions"}],"predecessor-version":[{"id":94124,"href":"https:\/\/www.egemtv.com\/index.php?rest_route=\/wp\/v2\/posts\/94122\/revisions\/94124"}],"wp:featuredmedia":[{"embeddable":true,"href":"https:\/\/www.egemtv.com\/index.php?rest_route=\/wp\/v2\/media\/94123"}],"wp:attachment":[{"href":"https:\/\/www.egemtv.com\/index.php?rest_route=%2Fwp%2Fv2%2Fmedia&parent=94122"}],"wp:term":[{"taxonomy":"category","embeddable":true,"href":"https:\/\/www.egemtv.com\/index.php?rest_route=%2Fwp%2Fv2%2Fcategories&post=94122"},{"taxonomy":"post_tag","embeddable":true,"href":"https:\/\/www.egemtv.com\/index.php?rest_route=%2Fwp%2Fv2%2Ftags&post=94122"}],"curies":[{"name":"wp","href":"https:\/\/api.w.org\/{rel}","templated":true}]}}