{"id":94119,"date":"2026-03-14T14:54:56","date_gmt":"2026-03-14T11:54:56","guid":{"rendered":"https:\/\/www.egemtv.com\/?p=94119"},"modified":"2026-03-14T14:54:57","modified_gmt":"2026-03-14T11:54:57","slug":"hisarcikta-cikan-yanginda-ev-ve-samanlik-tamamen-yandi","status":"publish","type":"post","link":"https:\/\/www.egemtv.com\/?p=94119","title":{"rendered":"Hisarc\u0131k\u2019ta \u00e7\u0131kan yang\u0131nda ev ve samanl\u0131k tamamen yand\u0131"},"content":{"rendered":"<p>K\u00fctahya\u2019n\u0131n Hisarc\u0131k il\u00e7esinde gece saatlerinde samanl\u0131kta \u00e7\u0131kan ve daha sonra eve s\u0131\u00e7rayan yang\u0131n sonucu ev ve samanl\u0131k tamamen yanarak kullan\u0131lmaz hale geldi. Yang\u0131ndan ah\u0131r\u0131n \u00e7at\u0131s\u0131 da zarar g\u00f6rd\u00fc.<br \/>\n<br \/>Yang\u0131n, il\u00e7eye ba\u011fl\u0131 Saklar k\u00f6y\u00fcnde meydana geldi. Edinilen bilgilere g\u00f6re, gece saat 03.00 s\u0131ralar\u0131nda Yusuf Din\u00e7\u2019e ait samanl\u0131kta hen\u00fcz belirlenemeyen bir nedenle yang\u0131n \u00e7\u0131kt\u0131. Yo\u011fun duman\u0131 fark eden vatanda\u015flar\u0131n durumu 112 Acil \u00c7a\u011fr\u0131 Merkezi\u2019ne bildirmesi \u00fczerine b\u00f6lgeye itfaiye, sa\u011fl\u0131k ve jandarma ekipleri sevk edildi.<br \/>\n<br \/>Samanl\u0131ktan tek katl\u0131 eski deprem konutuna s\u0131\u00e7rayan yang\u0131n, Hisarc\u0131k Belediyesi itfaiye ekiplerinin yo\u011fun \u00e7al\u0131\u015fmalar\u0131 sonucunda kontrol alt\u0131na al\u0131narak s\u00f6nd\u00fcr\u00fcld\u00fc. Yang\u0131n sonucu ev ve samanl\u0131k tamamen yanarken, yang\u0131ndan yandaki ah\u0131r\u0131n \u00e7at\u0131s\u0131 da zarar g\u00f6rd\u00fc.<br \/>\n<br \/>Olayda can kayb\u0131 ya\u015fanmazken, yang\u0131n\u0131n \u00e7\u0131k\u0131\u015f nedeni ile ilgili soru\u015fturma ba\u015flat\u0131ld\u0131.<br \/><\/p>\n","protected":false},"excerpt":{"rendered":"<p>K\u00fctahya\u2019n\u0131n Hisarc\u0131k il\u00e7esinde gece saatlerinde samanl\u0131kta \u00e7\u0131kan ve daha sonra eve s\u0131\u00e7rayan yang\u0131n sonucu ev ve samanl\u0131k tamamen yanarak kullan\u0131lmaz hale geldi. Yang\u0131ndan ah\u0131r\u0131n \u00e7at\u0131s\u0131 da zarar g\u00f6rd\u00fc. Yang\u0131n, il\u00e7eye ba\u011fl\u0131 Saklar k\u00f6y\u00fcnde meydana geldi. Edinilen bilgilere g\u00f6re, gece saat 03.00 s\u0131ralar\u0131nda Yusuf Din\u00e7\u2019e ait samanl\u0131kta hen\u00fcz belirlenemeyen bir nedenle yang\u0131n \u00e7\u0131kt\u0131. Yo\u011fun duman\u0131 fark&#8230;<\/p>\n","protected":false},"author":1,"featured_media":94120,"comment_status":"open","ping_status":"open","sticky":false,"template":"","format":"standard","meta":{"_crdt_document":"","footnotes":""},"categories":[5],"tags":[],"class_list":["post-94119","post","type-post","status-publish","format-standard","has-post-thumbnail","hentry","category-asayis"],"_links":{"self":[{"href":"https:\/\/www.egemtv.com\/index.php?rest_route=\/wp\/v2\/posts\/94119","targetHints":{"allow":["GET"]}}],"collection":[{"href":"https:\/\/www.egemtv.com\/index.php?rest_route=\/wp\/v2\/posts"}],"about":[{"href":"https:\/\/www.egemtv.com\/index.php?rest_route=\/wp\/v2\/types\/post"}],"author":[{"embeddable":true,"href":"https:\/\/www.egemtv.com\/index.php?rest_route=\/wp\/v2\/users\/1"}],"replies":[{"embeddable":true,"href":"https:\/\/www.egemtv.com\/index.php?rest_route=%2Fwp%2Fv2%2Fcomments&post=94119"}],"version-history":[{"count":1,"href":"https:\/\/www.egemtv.com\/index.php?rest_route=\/wp\/v2\/posts\/94119\/revisions"}],"predecessor-version":[{"id":94121,"href":"https:\/\/www.egemtv.com\/index.php?rest_route=\/wp\/v2\/posts\/94119\/revisions\/94121"}],"wp:featuredmedia":[{"embeddable":true,"href":"https:\/\/www.egemtv.com\/index.php?rest_route=\/wp\/v2\/media\/94120"}],"wp:attachment":[{"href":"https:\/\/www.egemtv.com\/index.php?rest_route=%2Fwp%2Fv2%2Fmedia&parent=94119"}],"wp:term":[{"taxonomy":"category","embeddable":true,"href":"https:\/\/www.egemtv.com\/index.php?rest_route=%2Fwp%2Fv2%2Fcategories&post=94119"},{"taxonomy":"post_tag","embeddable":true,"href":"https:\/\/www.egemtv.com\/index.php?rest_route=%2Fwp%2Fv2%2Ftags&post=94119"}],"curies":[{"name":"wp","href":"https:\/\/api.w.org\/{rel}","templated":true}]}}