{"id":94116,"date":"2026-03-14T14:54:55","date_gmt":"2026-03-14T11:54:55","guid":{"rendered":"https:\/\/www.egemtv.com\/?p=94116"},"modified":"2026-03-14T14:54:56","modified_gmt":"2026-03-14T11:54:56","slug":"burdurda-ramazan-bayrami-tedbirleri-8-bin-24-kolluk-gucu-sahada-olacak","status":"publish","type":"post","link":"https:\/\/www.egemtv.com\/?p=94116","title":{"rendered":"Burdur\u2019da Ramazan Bayram\u0131 tedbirleri: 8 bin 24 kolluk g\u00fcc\u00fc sahada olacak"},"content":{"rendered":"<p>Burdur\u2019da Ramazan Bayram\u0131 tedbirleri kapsam\u0131nda 8 bin 24 g\u00fcvenlik personeli bin 995 ekiple sahada olacak.<br \/>\n<br \/>Valilikten yap\u0131lan a\u00e7\u0131klamada \u0130l Emniyet M\u00fcd\u00fcrl\u00fc\u011f\u00fc ve \u0130l Jandarma Komutanl\u0131\u011f\u0131, sorumluluk b\u00f6lgelerindeki ana arterlerde ve sabit yol uygulama noktalar\u0131nda, halk\u0131n yo\u011fun oldu\u011fu g\u00fczergahlarda meydana gelebilecek trafik ve asayi\u015f olaylar\u0131n\u0131n \u00f6n\u00fcne ge\u00e7mek i\u00e7in gerekli planlamalar\u0131n yap\u0131ld\u0131\u011f\u0131 bildirildi. Ramazan Bayram\u0131 tedbirleri kapsam\u0131nda 13 Mart-23 Mart tarihlerinde 24 saat boyunca emniyete ba\u011fl\u0131 bin 309 ekip ve 5 bin 183 personelin, jandarmaya ba\u011fl\u0131 686 ekip ve 2 bin 841personelin g\u00f6rev alaca\u011f\u0131 kaydedildi.<br \/>\n<br \/>Vatanda\u015flar\u0131n huzur ve g\u00fcvenli\u011fi i\u00e7in kent genelinde toplamda bin 995 ekip ve 8 bin 24 personel sahada aktif olarak g\u00f6rev alacak.<br \/><\/p>\n","protected":false},"excerpt":{"rendered":"<p>Burdur\u2019da Ramazan Bayram\u0131 tedbirleri kapsam\u0131nda 8 bin 24 g\u00fcvenlik personeli bin 995 ekiple sahada olacak. Valilikten yap\u0131lan a\u00e7\u0131klamada \u0130l Emniyet M\u00fcd\u00fcrl\u00fc\u011f\u00fc ve \u0130l Jandarma Komutanl\u0131\u011f\u0131, sorumluluk b\u00f6lgelerindeki ana arterlerde ve sabit yol uygulama noktalar\u0131nda, halk\u0131n yo\u011fun oldu\u011fu g\u00fczergahlarda meydana gelebilecek trafik ve asayi\u015f olaylar\u0131n\u0131n \u00f6n\u00fcne ge\u00e7mek i\u00e7in gerekli planlamalar\u0131n yap\u0131ld\u0131\u011f\u0131 bildirildi. Ramazan Bayram\u0131 tedbirleri kapsam\u0131nda&#8230;<\/p>\n","protected":false},"author":1,"featured_media":94117,"comment_status":"open","ping_status":"open","sticky":false,"template":"","format":"standard","meta":{"_crdt_document":"","footnotes":""},"categories":[5],"tags":[],"class_list":["post-94116","post","type-post","status-publish","format-standard","has-post-thumbnail","hentry","category-asayis"],"_links":{"self":[{"href":"https:\/\/www.egemtv.com\/index.php?rest_route=\/wp\/v2\/posts\/94116","targetHints":{"allow":["GET"]}}],"collection":[{"href":"https:\/\/www.egemtv.com\/index.php?rest_route=\/wp\/v2\/posts"}],"about":[{"href":"https:\/\/www.egemtv.com\/index.php?rest_route=\/wp\/v2\/types\/post"}],"author":[{"embeddable":true,"href":"https:\/\/www.egemtv.com\/index.php?rest_route=\/wp\/v2\/users\/1"}],"replies":[{"embeddable":true,"href":"https:\/\/www.egemtv.com\/index.php?rest_route=%2Fwp%2Fv2%2Fcomments&post=94116"}],"version-history":[{"count":1,"href":"https:\/\/www.egemtv.com\/index.php?rest_route=\/wp\/v2\/posts\/94116\/revisions"}],"predecessor-version":[{"id":94118,"href":"https:\/\/www.egemtv.com\/index.php?rest_route=\/wp\/v2\/posts\/94116\/revisions\/94118"}],"wp:featuredmedia":[{"embeddable":true,"href":"https:\/\/www.egemtv.com\/index.php?rest_route=\/wp\/v2\/media\/94117"}],"wp:attachment":[{"href":"https:\/\/www.egemtv.com\/index.php?rest_route=%2Fwp%2Fv2%2Fmedia&parent=94116"}],"wp:term":[{"taxonomy":"category","embeddable":true,"href":"https:\/\/www.egemtv.com\/index.php?rest_route=%2Fwp%2Fv2%2Fcategories&post=94116"},{"taxonomy":"post_tag","embeddable":true,"href":"https:\/\/www.egemtv.com\/index.php?rest_route=%2Fwp%2Fv2%2Ftags&post=94116"}],"curies":[{"name":"wp","href":"https:\/\/api.w.org\/{rel}","templated":true}]}}