{"id":94113,"date":"2026-03-14T14:34:49","date_gmt":"2026-03-14T11:34:49","guid":{"rendered":"https:\/\/www.egemtv.com\/?p=94113"},"modified":"2026-03-14T14:34:50","modified_gmt":"2026-03-14T11:34:50","slug":"alasehirde-kizilaydan-cocuklara-bayram-hediyesi","status":"publish","type":"post","link":"https:\/\/www.egemtv.com\/?p=94113","title":{"rendered":"Ala\u015fehir\u2019de K\u0131z\u0131lay\u2019dan \u00e7ocuklara bayram hediyesi"},"content":{"rendered":"<p>Manisa\u2019n\u0131n Ala\u015fehir il\u00e7esinde T\u00fcrk K\u0131z\u0131lay \u015eubesi, ihtiya\u00e7 sahibi \u00e7ocuklar i\u00e7in haz\u0131rlad\u0131\u011f\u0131 800 par\u00e7a bayraml\u0131k k\u0131yafeti, aile sa\u011fl\u0131\u011f\u0131 merkezleri arac\u0131l\u0131\u011f\u0131yla da\u011f\u0131t\u0131lmak \u00fczere Ala\u015fehir \u0130l\u00e7e Sa\u011fl\u0131k M\u00fcd\u00fcrl\u00fc\u011f\u00fc\u2019ne teslim etti.<br \/>\n<br \/>Ala\u015fehir\u2019de Ramazan ay\u0131 boyunca yakla\u015f\u0131k 12 bin ki\u015fiye iftar sofras\u0131 kurmay\u0131 hedefleyen T\u00fcrk K\u0131z\u0131lay Ala\u015fehir \u015eubesi, sosyal yard\u0131m \u00e7al\u0131\u015fmalar\u0131na da h\u0131z kesmeden devam ediyor. Bayram \u00f6ncesi dar gelirli ailelerin \u00e7ocuklar\u0131n\u0131 sevindirmeyi ama\u00e7layan K\u0131z\u0131lay g\u00f6n\u00fcll\u00fcleri, \u00f6zenle se\u00e7ilen 800 par\u00e7a \u00e7ocuk giyim e\u015fyas\u0131n\u0131 tek tek paketleyerek haz\u0131r hale getirdi. Haz\u0131rlanan k\u0131yafetler, ger\u00e7ek ihtiya\u00e7 sahiplerine do\u011frudan ula\u015fmas\u0131 amac\u0131yla il\u00e7edeki 13 Aile Sa\u011fl\u0131\u011f\u0131 Merkezi\u2019ne (ASM) da\u011f\u0131t\u0131lmak \u00fczere Ala\u015fehir \u0130l\u00e7e Sa\u011fl\u0131k M\u00fcd\u00fcrl\u00fc\u011f\u00fc\u2019ne teslim edildi.<\/p>\n<p>&#8220;\u00c7ocuklar\u0131m\u0131z k\u0131yafetlerini g\u00fcle g\u00fcle giysinler&#8221;<br \/>\n<br \/>Teslimat s\u0131ras\u0131nda bir a\u00e7\u0131klama yapan T\u00fcrk K\u0131z\u0131lay Ala\u015fehir \u015eube Ba\u015fkan\u0131 Nedim Yamak, K\u0131z\u0131lay\u2019\u0131n y\u0131l\u0131n her g\u00fcn\u00fc vatanda\u015f\u0131n yan\u0131nda oldu\u011funu vurgulayarak, &#8220;Bayram \u00f6ncesinde ihtiya\u00e7 sahibi ailelerimizin \u00e7ocuklar\u0131na ula\u015ft\u0131r\u0131lmak \u00fczere, il\u00e7e genelimizde bulunan 13 aile sa\u011fl\u0131\u011f\u0131 merkezine da\u011f\u0131t\u0131lmak amac\u0131yla toplam 800 adet \u00e7ocuk giyim e\u015fyas\u0131n\u0131 \u0130l\u00e7e Sa\u011fl\u0131k M\u00fcd\u00fcrl\u00fc\u011f\u00fcm\u00fcze teslim ettik. K\u0131z\u0131lay olarak her zaman vatanda\u015flar\u0131m\u0131z\u0131n yan\u0131nda olmaya devam edece\u011fiz. \u00c7ocuklar\u0131m\u0131za \u015fimdiden iyi bayramlar diliyoruz. K\u0131yafetlerini g\u00fcle g\u00fcle giysinler&#8221; \u015feklinde konu\u015ftu.<\/p>\n<p>\u0130l\u00e7e Sa\u011fl\u0131k M\u00fcd\u00fcrl\u00fc\u011f\u00fcnden i\u015f birli\u011fi te\u015fekk\u00fcr\u00fc<br \/>\n<br \/>Desteklerinden dolay\u0131 K\u0131z\u0131lay\u2019a te\u015fekk\u00fcrlerini ileten Ala\u015fehir \u0130l\u00e7e Sa\u011fl\u0131k M\u00fcd\u00fcr\u00fc Uzman Doktor Fatma Seven ise &#8220;Aile sa\u011fl\u0131\u011f\u0131 merkezlerimize da\u011f\u0131t\u0131lmak \u00fczere yap\u0131lan bu k\u0131yafet yard\u0131mlar\u0131 i\u00e7in Ala\u015fehir K\u0131z\u0131lay \u015eubesi\u2019ne te\u015fekk\u00fcr ediyoruz. \u0130l\u00e7e Sa\u011fl\u0131k M\u00fcd\u00fcrl\u00fc\u011f\u00fc olarak bu yard\u0131mlar\u0131n ihtiya\u00e7 sahibi ailelere ula\u015ft\u0131r\u0131lmas\u0131 i\u00e7in gerekli \u00e7al\u0131\u015fmalar\u0131 yapaca\u011f\u0131z. K\u0131yafetleri aile hekimlerimize ve aile sa\u011fl\u0131\u011f\u0131 \u00e7al\u0131\u015fanlar\u0131m\u0131za teslim ederek vatanda\u015flar\u0131m\u0131za ula\u015ft\u0131raca\u011f\u0131z&#8221; ifadelerini kulland\u0131.<br \/>\n<br \/>Bayraml\u0131klar\u0131n, bayram namaz\u0131 \u00f6ncesine kadar t\u00fcm \u00e7ocuklara ula\u015ft\u0131r\u0131lmas\u0131 hedefleniyor.<br \/><\/p>\n","protected":false},"excerpt":{"rendered":"<p>Manisa\u2019n\u0131n Ala\u015fehir il\u00e7esinde T\u00fcrk K\u0131z\u0131lay \u015eubesi, ihtiya\u00e7 sahibi \u00e7ocuklar i\u00e7in haz\u0131rlad\u0131\u011f\u0131 800 par\u00e7a bayraml\u0131k k\u0131yafeti, aile sa\u011fl\u0131\u011f\u0131 merkezleri arac\u0131l\u0131\u011f\u0131yla da\u011f\u0131t\u0131lmak \u00fczere Ala\u015fehir \u0130l\u00e7e Sa\u011fl\u0131k M\u00fcd\u00fcrl\u00fc\u011f\u00fc\u2019ne teslim etti. Ala\u015fehir\u2019de Ramazan ay\u0131 boyunca yakla\u015f\u0131k 12 bin ki\u015fiye iftar sofras\u0131 kurmay\u0131 hedefleyen T\u00fcrk K\u0131z\u0131lay Ala\u015fehir \u015eubesi, sosyal yard\u0131m \u00e7al\u0131\u015fmalar\u0131na da h\u0131z kesmeden devam ediyor. Bayram \u00f6ncesi dar gelirli&#8230;<\/p>\n","protected":false},"author":1,"featured_media":94114,"comment_status":"open","ping_status":"open","sticky":false,"template":"","format":"standard","meta":{"_crdt_document":"","footnotes":""},"categories":[123],"tags":[],"class_list":["post-94113","post","type-post","status-publish","format-standard","has-post-thumbnail","hentry","category-gundem"],"_links":{"self":[{"href":"https:\/\/www.egemtv.com\/index.php?rest_route=\/wp\/v2\/posts\/94113","targetHints":{"allow":["GET"]}}],"collection":[{"href":"https:\/\/www.egemtv.com\/index.php?rest_route=\/wp\/v2\/posts"}],"about":[{"href":"https:\/\/www.egemtv.com\/index.php?rest_route=\/wp\/v2\/types\/post"}],"author":[{"embeddable":true,"href":"https:\/\/www.egemtv.com\/index.php?rest_route=\/wp\/v2\/users\/1"}],"replies":[{"embeddable":true,"href":"https:\/\/www.egemtv.com\/index.php?rest_route=%2Fwp%2Fv2%2Fcomments&post=94113"}],"version-history":[{"count":1,"href":"https:\/\/www.egemtv.com\/index.php?rest_route=\/wp\/v2\/posts\/94113\/revisions"}],"predecessor-version":[{"id":94115,"href":"https:\/\/www.egemtv.com\/index.php?rest_route=\/wp\/v2\/posts\/94113\/revisions\/94115"}],"wp:featuredmedia":[{"embeddable":true,"href":"https:\/\/www.egemtv.com\/index.php?rest_route=\/wp\/v2\/media\/94114"}],"wp:attachment":[{"href":"https:\/\/www.egemtv.com\/index.php?rest_route=%2Fwp%2Fv2%2Fmedia&parent=94113"}],"wp:term":[{"taxonomy":"category","embeddable":true,"href":"https:\/\/www.egemtv.com\/index.php?rest_route=%2Fwp%2Fv2%2Fcategories&post=94113"},{"taxonomy":"post_tag","embeddable":true,"href":"https:\/\/www.egemtv.com\/index.php?rest_route=%2Fwp%2Fv2%2Ftags&post=94113"}],"curies":[{"name":"wp","href":"https:\/\/api.w.org\/{rel}","templated":true}]}}