{"id":94110,"date":"2026-03-14T14:34:48","date_gmt":"2026-03-14T11:34:48","guid":{"rendered":"https:\/\/www.egemtv.com\/?p=94110"},"modified":"2026-03-14T14:34:49","modified_gmt":"2026-03-14T11:34:49","slug":"kaymakam-guldogan-huzurevi-sakinleriyle-iftarda-bulustu","status":"publish","type":"post","link":"https:\/\/www.egemtv.com\/?p=94110","title":{"rendered":"Kaymakam G\u00fcldo\u011fan huzurevi sakinleriyle iftarda bulu\u015ftu"},"content":{"rendered":"<p>Manisa\u2019n\u0131n Salihli il\u00e7e Kaymakam\u0131 Ali G\u00fcldo\u011fan, Ramazan ay\u0131n\u0131n manevi atmosferinde huzurevi sakinleriyle iftar sofras\u0131nda bulu\u015ftu.<br \/>\n<br \/>Salihli\u2019de Huzurevi M\u00fcd\u00fcrl\u00fc\u011f\u00fc taraf\u0131ndan d\u00fczenlenen iftar program\u0131nda huzurevi sakinleriyle bir araya gelen Kaymakam G\u00fcldo\u011fan, ya\u015fl\u0131larla yak\u0131ndan ilgilenerek onlarla sohbet etti ve talep ile d\u00fc\u015f\u00fcncelerini dinledi.<br \/>\n<br \/>Ramazan ay\u0131n\u0131n birlik ve beraberlik duygular\u0131n\u0131 g\u00fc\u00e7lendirdi\u011fini ifade eden Kaymakam G\u00fcldo\u011fan, bu anlaml\u0131 g\u00fcnde huzurevi sakinleriyle ayn\u0131 sofray\u0131 payla\u015fmaktan duydu\u011fu memnuniyeti dile getirdi. G\u00fcldo\u011fan, huzurevi sakinlerinin Ramazan ay\u0131n\u0131 tebrik ederek sa\u011fl\u0131kl\u0131 ve huzurlu g\u00fcnler temennisinde bulundu. D\u00fczenlenen iftar program\u0131na Kaymakam Ali G\u00fcldo\u011fan\u2019\u0131n yan\u0131 s\u0131ra Belediye Ba\u015fkan Yard\u0131mc\u0131s\u0131 Yavuz \u00d6zdem, \u0130l\u00e7e Jandarma Komutan\u0131 Binba\u015f\u0131 Do\u011fukan Karaaslan, \u0130l\u00e7e Emniyet M\u00fcd\u00fcr Vekili \u00d6zg\u00fcr K\u0131l\u0131n\u00e7, Sosyal Hizmet Merkezi M\u00fcd\u00fcr\u00fc Alim Yavuz, Huzurevi M\u00fcd\u00fcr\u00fc Seyfettin Erkaya ile huzurevi sakinleri kat\u0131ld\u0131.<br \/>\n<br \/>\u0130ftar program\u0131 \u0130l\u00e7e M\u00fcft\u00fcs\u00fc Ali \u00c7ebi taraf\u0131ndan yap\u0131lan dua ile son buldu.<br \/><\/p>\n","protected":false},"excerpt":{"rendered":"<p>Manisa\u2019n\u0131n Salihli il\u00e7e Kaymakam\u0131 Ali G\u00fcldo\u011fan, Ramazan ay\u0131n\u0131n manevi atmosferinde huzurevi sakinleriyle iftar sofras\u0131nda bulu\u015ftu. Salihli\u2019de Huzurevi M\u00fcd\u00fcrl\u00fc\u011f\u00fc taraf\u0131ndan d\u00fczenlenen iftar program\u0131nda huzurevi sakinleriyle bir araya gelen Kaymakam G\u00fcldo\u011fan, ya\u015fl\u0131larla yak\u0131ndan ilgilenerek onlarla sohbet etti ve talep ile d\u00fc\u015f\u00fcncelerini dinledi. Ramazan ay\u0131n\u0131n birlik ve beraberlik duygular\u0131n\u0131 g\u00fc\u00e7lendirdi\u011fini ifade eden Kaymakam G\u00fcldo\u011fan, bu anlaml\u0131 g\u00fcnde huzurevi&#8230;<\/p>\n","protected":false},"author":1,"featured_media":94111,"comment_status":"open","ping_status":"open","sticky":false,"template":"","format":"standard","meta":{"_crdt_document":"","footnotes":""},"categories":[123],"tags":[],"class_list":["post-94110","post","type-post","status-publish","format-standard","has-post-thumbnail","hentry","category-gundem"],"_links":{"self":[{"href":"https:\/\/www.egemtv.com\/index.php?rest_route=\/wp\/v2\/posts\/94110","targetHints":{"allow":["GET"]}}],"collection":[{"href":"https:\/\/www.egemtv.com\/index.php?rest_route=\/wp\/v2\/posts"}],"about":[{"href":"https:\/\/www.egemtv.com\/index.php?rest_route=\/wp\/v2\/types\/post"}],"author":[{"embeddable":true,"href":"https:\/\/www.egemtv.com\/index.php?rest_route=\/wp\/v2\/users\/1"}],"replies":[{"embeddable":true,"href":"https:\/\/www.egemtv.com\/index.php?rest_route=%2Fwp%2Fv2%2Fcomments&post=94110"}],"version-history":[{"count":1,"href":"https:\/\/www.egemtv.com\/index.php?rest_route=\/wp\/v2\/posts\/94110\/revisions"}],"predecessor-version":[{"id":94112,"href":"https:\/\/www.egemtv.com\/index.php?rest_route=\/wp\/v2\/posts\/94110\/revisions\/94112"}],"wp:featuredmedia":[{"embeddable":true,"href":"https:\/\/www.egemtv.com\/index.php?rest_route=\/wp\/v2\/media\/94111"}],"wp:attachment":[{"href":"https:\/\/www.egemtv.com\/index.php?rest_route=%2Fwp%2Fv2%2Fmedia&parent=94110"}],"wp:term":[{"taxonomy":"category","embeddable":true,"href":"https:\/\/www.egemtv.com\/index.php?rest_route=%2Fwp%2Fv2%2Fcategories&post=94110"},{"taxonomy":"post_tag","embeddable":true,"href":"https:\/\/www.egemtv.com\/index.php?rest_route=%2Fwp%2Fv2%2Ftags&post=94110"}],"curies":[{"name":"wp","href":"https:\/\/api.w.org\/{rel}","templated":true}]}}