{"id":94107,"date":"2026-03-14T14:34:47","date_gmt":"2026-03-14T11:34:47","guid":{"rendered":"https:\/\/www.egemtv.com\/?p=94107"},"modified":"2026-03-14T14:34:48","modified_gmt":"2026-03-14T11:34:48","slug":"vali-canbolat-sifa-dagitan-elleriniz-dert-gormesin","status":"publish","type":"post","link":"https:\/\/www.egemtv.com\/?p=94107","title":{"rendered":"Vali Canbolat: &#8220;\u015eifa da\u011f\u0131tan elleriniz dert g\u00f6rmesin&#8221;"},"content":{"rendered":"<p>Doktor ve sa\u011fl\u0131k \u00e7al\u0131\u015fanlar\u0131n\u0131n fedakarl\u0131klar\u0131yla umudu yeniden ye\u015ferttiklerine dikkat \u00e7eken Ayd\u0131n Valisi Yakup Canbolat; &#8220;\u015eifa da\u011f\u0131tan elleriniz dert g\u00f6rmesin&#8221; dedi.<br \/>\n<br \/>Ayd\u0131n Valisi Yakup Canbolat, 14 Mart T\u0131p Bayram\u0131 dolay\u0131s\u0131yla bir mesaj yay\u0131mlad\u0131. Doktor ve sa\u011fl\u0131k \u00e7al\u0131\u015fanlar\u0131n\u0131n \u015fifa da\u011f\u0131tt\u0131\u011f\u0131na dikkat \u00e7eken Vali Canbolat; &#8220;\u0130nsan hayat\u0131na dokunan, umudu yeniden ye\u015ferten, gecesini g\u00fcnd\u00fcz\u00fcne katarak \u015fifa da\u011f\u0131tan t\u00fcm doktorlar\u0131m\u0131z\u0131n ve sa\u011fl\u0131k \u00e7al\u0131\u015fanlar\u0131m\u0131z\u0131n 14 Mart T\u0131p Bayram\u0131 kutlu olsun. \u015eifa da\u011f\u0131tan elleriniz dert g\u00f6rmesin, emekleriniz daim olsun&#8221; dedi.<br \/><\/p>\n","protected":false},"excerpt":{"rendered":"<p>Doktor ve sa\u011fl\u0131k \u00e7al\u0131\u015fanlar\u0131n\u0131n fedakarl\u0131klar\u0131yla umudu yeniden ye\u015ferttiklerine dikkat \u00e7eken Ayd\u0131n Valisi Yakup Canbolat; &#8220;\u015eifa da\u011f\u0131tan elleriniz dert g\u00f6rmesin&#8221; dedi. Ayd\u0131n Valisi Yakup Canbolat, 14 Mart T\u0131p Bayram\u0131 dolay\u0131s\u0131yla bir mesaj yay\u0131mlad\u0131. Doktor ve sa\u011fl\u0131k \u00e7al\u0131\u015fanlar\u0131n\u0131n \u015fifa da\u011f\u0131tt\u0131\u011f\u0131na dikkat \u00e7eken Vali Canbolat; &#8220;\u0130nsan hayat\u0131na dokunan, umudu yeniden ye\u015ferten, gecesini g\u00fcnd\u00fcz\u00fcne katarak \u015fifa da\u011f\u0131tan t\u00fcm doktorlar\u0131m\u0131z\u0131n&#8230;<\/p>\n","protected":false},"author":1,"featured_media":94108,"comment_status":"open","ping_status":"open","sticky":false,"template":"","format":"standard","meta":{"_crdt_document":"","footnotes":""},"categories":[1],"tags":[],"class_list":["post-94107","post","type-post","status-publish","format-standard","has-post-thumbnail","hentry","category-guncel"],"_links":{"self":[{"href":"https:\/\/www.egemtv.com\/index.php?rest_route=\/wp\/v2\/posts\/94107","targetHints":{"allow":["GET"]}}],"collection":[{"href":"https:\/\/www.egemtv.com\/index.php?rest_route=\/wp\/v2\/posts"}],"about":[{"href":"https:\/\/www.egemtv.com\/index.php?rest_route=\/wp\/v2\/types\/post"}],"author":[{"embeddable":true,"href":"https:\/\/www.egemtv.com\/index.php?rest_route=\/wp\/v2\/users\/1"}],"replies":[{"embeddable":true,"href":"https:\/\/www.egemtv.com\/index.php?rest_route=%2Fwp%2Fv2%2Fcomments&post=94107"}],"version-history":[{"count":1,"href":"https:\/\/www.egemtv.com\/index.php?rest_route=\/wp\/v2\/posts\/94107\/revisions"}],"predecessor-version":[{"id":94109,"href":"https:\/\/www.egemtv.com\/index.php?rest_route=\/wp\/v2\/posts\/94107\/revisions\/94109"}],"wp:featuredmedia":[{"embeddable":true,"href":"https:\/\/www.egemtv.com\/index.php?rest_route=\/wp\/v2\/media\/94108"}],"wp:attachment":[{"href":"https:\/\/www.egemtv.com\/index.php?rest_route=%2Fwp%2Fv2%2Fmedia&parent=94107"}],"wp:term":[{"taxonomy":"category","embeddable":true,"href":"https:\/\/www.egemtv.com\/index.php?rest_route=%2Fwp%2Fv2%2Fcategories&post=94107"},{"taxonomy":"post_tag","embeddable":true,"href":"https:\/\/www.egemtv.com\/index.php?rest_route=%2Fwp%2Fv2%2Ftags&post=94107"}],"curies":[{"name":"wp","href":"https:\/\/api.w.org\/{rel}","templated":true}]}}