{"id":94104,"date":"2026-03-14T14:34:46","date_gmt":"2026-03-14T11:34:46","guid":{"rendered":"https:\/\/www.egemtv.com\/?p=94104"},"modified":"2026-03-14T14:34:47","modified_gmt":"2026-03-14T11:34:47","slug":"oksuz-kuzu-balim-senol-ailesinin-sefkatiyle-hayata-tutundu","status":"publish","type":"post","link":"https:\/\/www.egemtv.com\/?p=94104","title":{"rendered":"\u00d6ks\u00fcz kuzu &#8220;Bal\u0131m&#8221;, \u015eenol ailesinin \u015fefkatiyle hayata tutundu"},"content":{"rendered":"<p>Mu\u011fla\u2019n\u0131n Mente\u015fe il\u00e7esine ba\u011fl\u0131 Ye\u015filyurt Mahallesi\u2019nde ya\u015fayan \u015eenol ailesi, do\u011fum s\u0131ras\u0131nda annesini ve karde\u015flerini kaybeden &#8220;Bal\u0131m&#8221; isimli kuzuyu evlerinde adeta bir bebek gibi b\u00fcy\u00fcterek hayata ba\u011flad\u0131. K\u00fc\u00e7\u00fcc\u00fck bedeniyle ya\u015fam m\u00fccadelesi veren Bal\u0131m, ailenin sevgisi sayesinde yeniden g\u00fc\u00e7 buldu.<br \/>\n<br \/>Yakla\u015f\u0131k 40 y\u0131ld\u0131r hayvanc\u0131l\u0131kla u\u011fra\u015fan Aysun \u015eenol, zorlu bir do\u011fumun ard\u0131ndan hayatta kalan tek yavru olan \u2019Bal\u0131m\u2019\u0131 bir an olsun yan\u0131ndan ay\u0131rm\u0131yor. Do\u011fdu\u011fu g\u00fcn olduk\u00e7a halsiz ve c\u0131l\u0131z olan kuzu i\u00e7in aile seferber olurken, Bal\u0131m art\u0131k evin ne\u015fesi ve maskotu haline geldi. Annesini ve iki karde\u015fini kaybettikten sonra ya\u015famla ince bir ba\u011f kuran Bal\u0131m, \u015eenol ailesinin merhameti sayesinde hayata tutundu. Veteriner hekimlerin tavsiyesiyle \u00f6zel mamalar al\u0131narak biberonla beslenen k\u00fc\u00e7\u00fck kuzu, \u00fc\u015f\u00fcmemesi i\u00e7in evin s\u0131cak ortam\u0131nda b\u00fcy\u00fct\u00fcl\u00fcyor. Evde rahat hareket edebilmesi ve temizlik sorunu ya\u015fanmamas\u0131 i\u00e7in ise Bal\u0131m\u2019a bebek bezi tak\u0131l\u0131yor. \u015eenol ailesi, Bal\u0131m\u2019\u0131 yaln\u0131z b\u0131rakm\u0131yor, \u00e7ocuklar ve torunlar da k\u00fc\u00e7\u00fck kuzuyla yak\u0131ndan ilgileniyor. Ailenin en k\u00fc\u00e7\u00fck ferdi gibi g\u00f6r\u00fclen kuzu, evin i\u00e7inde z\u0131play\u0131p ko\u015farken herkese tebess\u00fcm ettiriyor.<br \/>\n<br \/>Ya\u015fad\u0131klar\u0131 duygusal s\u00fcreci anlatan Aysun \u015eenol, hayvanc\u0131l\u0131kta zaman zaman b\u00f6yle ac\u0131 durumlarla kar\u015f\u0131la\u015ft\u0131klar\u0131n\u0131 belirterek, &#8220;40 y\u0131ld\u0131r hayvanc\u0131l\u0131k yap\u0131yoruz. Bazen do\u011fumlarda komplikasyonlar oluyor. Bal\u0131m\u2019\u0131n annesi do\u011fumda rahats\u0131zlan\u0131p \u00f6ld\u00fc, \u00fc\u00e7 yavrudan ikisi de hayat\u0131n\u0131 kaybetti. Bal\u0131m \u00e7ok zay\u0131f ve halsizdi. Onu kuca\u011f\u0131m\u0131zda b\u00fcy\u00fctt\u00fck. Biberonla besledik, g\u00f6z\u00fcm\u00fcz gibi bakt\u0131k&#8221; dedi.<br \/>\n<br \/>Bal\u0131m\u2019\u0131n kendilerine adeta bir bebek gibi seslendi\u011fini s\u00f6yleyen \u015eenol, &#8220;Bal\u0131m sanki \u2018anne\u2019 diye sesleniyor. O sesi duyunca insan\u0131n i\u00e7i s\u0131zl\u0131yor. Seviyoruz, yan\u0131m\u0131zdan hi\u00e7 ay\u0131rm\u0131yoruz&#8221; dedi.<br \/>\n<br \/>\u015eenol ailesinin sevgi dolu ilgisi sayesinde her ge\u00e7en g\u00fcn biraz daha g\u00fc\u00e7lenen Bal\u0131m, Ye\u015filyurt Mahallesi\u2019nin de ilgi oda\u011f\u0131 haline geldi. K\u00fc\u00e7\u00fck kuzu, hem ne\u015fesi hem de ya\u015fama tutunma hikayesiyle g\u00f6renlerin y\u00fcre\u011fini \u0131s\u0131t\u0131yor.<br \/><\/p>\n","protected":false},"excerpt":{"rendered":"<p>Mu\u011fla\u2019n\u0131n Mente\u015fe il\u00e7esine ba\u011fl\u0131 Ye\u015filyurt Mahallesi\u2019nde ya\u015fayan \u015eenol ailesi, do\u011fum s\u0131ras\u0131nda annesini ve karde\u015flerini kaybeden &#8220;Bal\u0131m&#8221; isimli kuzuyu evlerinde adeta bir bebek gibi b\u00fcy\u00fcterek hayata ba\u011flad\u0131. K\u00fc\u00e7\u00fcc\u00fck bedeniyle ya\u015fam m\u00fccadelesi veren Bal\u0131m, ailenin sevgisi sayesinde yeniden g\u00fc\u00e7 buldu. Yakla\u015f\u0131k 40 y\u0131ld\u0131r hayvanc\u0131l\u0131kla u\u011fra\u015fan Aysun \u015eenol, zorlu bir do\u011fumun ard\u0131ndan hayatta kalan tek yavru olan \u2019Bal\u0131m\u2019\u0131&#8230;<\/p>\n","protected":false},"author":1,"featured_media":94105,"comment_status":"open","ping_status":"open","sticky":false,"template":"","format":"standard","meta":{"_crdt_document":"","footnotes":""},"categories":[123],"tags":[],"class_list":["post-94104","post","type-post","status-publish","format-standard","has-post-thumbnail","hentry","category-gundem"],"_links":{"self":[{"href":"https:\/\/www.egemtv.com\/index.php?rest_route=\/wp\/v2\/posts\/94104","targetHints":{"allow":["GET"]}}],"collection":[{"href":"https:\/\/www.egemtv.com\/index.php?rest_route=\/wp\/v2\/posts"}],"about":[{"href":"https:\/\/www.egemtv.com\/index.php?rest_route=\/wp\/v2\/types\/post"}],"author":[{"embeddable":true,"href":"https:\/\/www.egemtv.com\/index.php?rest_route=\/wp\/v2\/users\/1"}],"replies":[{"embeddable":true,"href":"https:\/\/www.egemtv.com\/index.php?rest_route=%2Fwp%2Fv2%2Fcomments&post=94104"}],"version-history":[{"count":1,"href":"https:\/\/www.egemtv.com\/index.php?rest_route=\/wp\/v2\/posts\/94104\/revisions"}],"predecessor-version":[{"id":94106,"href":"https:\/\/www.egemtv.com\/index.php?rest_route=\/wp\/v2\/posts\/94104\/revisions\/94106"}],"wp:featuredmedia":[{"embeddable":true,"href":"https:\/\/www.egemtv.com\/index.php?rest_route=\/wp\/v2\/media\/94105"}],"wp:attachment":[{"href":"https:\/\/www.egemtv.com\/index.php?rest_route=%2Fwp%2Fv2%2Fmedia&parent=94104"}],"wp:term":[{"taxonomy":"category","embeddable":true,"href":"https:\/\/www.egemtv.com\/index.php?rest_route=%2Fwp%2Fv2%2Fcategories&post=94104"},{"taxonomy":"post_tag","embeddable":true,"href":"https:\/\/www.egemtv.com\/index.php?rest_route=%2Fwp%2Fv2%2Ftags&post=94104"}],"curies":[{"name":"wp","href":"https:\/\/api.w.org\/{rel}","templated":true}]}}